{"id":1019,"date":"2018-04-25T11:17:34","date_gmt":"2018-04-25T11:17:34","guid":{"rendered":"http:\/\/startwejherowo.pl\/?p=1019"},"modified":"2018-04-26T07:22:42","modified_gmt":"2018-04-26T07:22:42","slug":"komunikat-z-mistrzostw-powiatu-w-boccia","status":"publish","type":"post","link":"http:\/\/startwejherowo.pl\/?p=1019","title":{"rendered":"Komunikat z Mistrzostw Powiatu w Boccia"},"content":{"rendered":"<h2 style=\"text-align: center;\"><span style=\"font-size: x-large;\"><b><a href=\"http:\/\/startwejherowo.pl\/wp-content\/gallery\/Powiatowe%20Mistrzostwa%20w%20Boccia\/index.html\"><img loading=\"lazy\" class=\"aligncenter size-medium wp-image-1028\" src=\"http:\/\/startwejherowo.pl\/wp-content\/uploads\/2018\/04\/DSCF0982-300x200.jpg\" alt=\"\" width=\"300\" height=\"200\" srcset=\"http:\/\/startwejherowo.pl\/wp-content\/uploads\/2018\/04\/DSCF0982-300x200.jpg 300w, http:\/\/startwejherowo.pl\/wp-content\/uploads\/2018\/04\/DSCF0982-768x512.jpg 768w, http:\/\/startwejherowo.pl\/wp-content\/uploads\/2018\/04\/DSCF0982-1024x683.jpg 1024w, http:\/\/startwejherowo.pl\/wp-content\/uploads\/2018\/04\/DSCF0982.jpg 1920w\" sizes=\"(max-width: 300px) 100vw, 300px\" \/><\/a>Komunikat z odbytej imprezy sportowej<\/b><\/span><\/h2>\n<p><span style=\"font-size: large;\">W Wejherowie odby\u0142y si\u0119 <\/span><span style=\"font-size: large;\"><b>\u201e Otwarte Mistrzostwa Powiatu Wejherowskiego&nbsp;<\/b><\/span><span style=\"font-size: large;\"><b>w Boccia o Puchar Starosty\u201d <\/b><\/span><span style=\"font-size: large;\"> na 2018 r.<\/span><\/p>\n<p><span style=\"font-size: large;\">Zawody odby\u0142y si\u0119 w terminach 8,15 i 22 kwietnia 2018 r.<\/span><\/p>\n<p><span style=\"font-size: large;\">W imieniu organizator\u00f3w uroczystego otwarcia dokona\u0142 Prezes \u201eSTART\u201d Wejherowo Kol. <strong>Krzysztof Ruchalski<\/strong>. W zawodach <\/span><b> <\/b><span style=\"font-size: large;\">uczestniczy\u0142 V-ce Prezes<\/span><\/p>\n<p><span style=\"font-size: large;\">Polskiego Zwi\u0105zku Sportu Niepe\u0142nosprawnych \u201eSTART\u201d w Warszawie i Prezes Pomorskiego Zwi\u0105zku Organizacji Sportu Niepe\u0142nosprawnych w Gda\u0144sku Pan&nbsp;<\/span><span style=\"font-size: large;\"><strong>Eugeniusz Grabowski,<\/strong> kt\u00f3ry bardzo wysoko oceni\u0142 organizacj\u0119 imprezy i wr\u0119cza\u0142&nbsp;<\/span><span style=\"font-size: large;\">nagrody.<\/span><\/p>\n<p><span style=\"font-size: large;\">Turnieje rozegrano w hali sportowej Szko\u0142y Podstawowej nr 5 w Wejherowie<\/span><\/p>\n<p><span style=\"font-size: large;\">ul. Gda\u0144ska 30 w 4 kategoriach sportowych: \u201eOpen\u201d, \u201eZdrowi\u201d, \u201eNiepe\u0142nosprawni gr. A \u2013 paraolimpijczycy\u201d i \u201egr. B otwarte- niepe\u0142nosprawni\u201d<\/span><\/p>\n<p><span style=\"font-size: large;\">W turniejach startowa\u0142o \u0142\u0105cznie 55 zawodniczek i zawodnik\u00f3w z Wejherowa, Gdyni, Gda\u0144ska, Redy, Rumii, Robakowa i L\u0119borka.<\/span><\/p>\n<p><span style=\"font-size: large;\"><b>1) Indywidualne \u201eOpen\u201d &#8211; 08.04.2018 r.<\/b><\/span><\/p>\n<p style=\"padding-left: 30px;\"><span style=\"font-size: large;\">I m. Franciszek Ku\u017ami\u0144ski &#8211; Wejherowo<\/span><\/p>\n<p style=\"padding-left: 30px;\"><span style=\"font-size: large;\">II m. Waldemar Konik &#8211; Reda<\/span><\/p>\n<p style=\"padding-left: 30px;\"><span style=\"font-size: large;\">III m. Helena Szpunar &#8211; Wejherowo<\/span><\/p>\n<p><span style=\"font-size: large;\"><b>2) Zdrowi &#8211; 15.04.2018 r.<\/b><\/span><\/p>\n<p style=\"padding-left: 30px;\"><span style=\"font-size: large;\">I m. Maria Wolska-Gieryk &#8211; Rumia<\/span><\/p>\n<p style=\"padding-left: 30px;\"><span style=\"font-size: large;\">II m. Andrzej Bia\u0142as &#8211; Wejherowo<\/span><\/p>\n<p style=\"padding-left: 30px;\"><span style=\"font-size: large;\">III m. \u0141ukasz Goike &#8211; Wejherowo<\/span><\/p>\n<p><span style=\"font-size: large;\"><b>3) Indywidualnie \u2013 Gr. A paraolimpijska \/niepe\u0142nosprawni\/ &#8211; 22.04.2018 r.<\/b><\/span><\/p>\n<p style=\"padding-left: 30px;\"><span style=\"font-size: large;\">I m. Adam Hebel &#8211; Wejherowo<\/span><\/p>\n<p style=\"padding-left: 30px;\"><span style=\"font-size: large;\">II m. Anna Konik &#8211; Reda<\/span><\/p>\n<p style=\"padding-left: 30px;\"><span style=\"font-size: large;\">III m. Rafa\u0142 Sobisz &#8211; Gda\u0144sk<\/span><\/p>\n<p><span style=\"font-size: large;\"><b>4) Indywidualnie \u2013 Gr. B otwarte \/ niepe\u0142nosprawni\/<\/b><\/span><\/p>\n<p style=\"padding-left: 30px;\"><span style=\"font-size: large;\">I m. Andrzejewski &#8211; Rumia<\/span><\/p>\n<p style=\"padding-left: 30px;\"><span style=\"font-size: large;\">II m. Helena Szpunar &#8211; Wejherowo<\/span><\/p>\n<p style=\"padding-left: 30px;\"><span style=\"font-size: large;\">III m. Stanis\u0142aw Gieryk &#8211; Rumia<\/span><\/p>\n<p><span style=\"font-size: large;\">Zawody bardzo sprawnie przeprowadzi\u0142 S\u0119dzia G\u0142\u00f3wny <strong>Andrzej Bia\u0142as<\/strong> przy wsp\u00f3\u0142pracy z s\u0119dziami licz\u0105cymi <strong>Waldemarem Konik , J\u00f3zefem Motowid\u0142o i Mari\u0105 Wolsk\u0105-Gieryk.<\/strong><\/span><\/p>\n<p><span style=\"font-size: large;\">Zwyci\u0119zcy poszczeg\u00f3lnych kategorii otrzymali puchary, medale, dyplomy oraz wszyscy uczestnicy mistrzostw pami\u0105tkowo-okoliczno\u015bciowe gad\u017cety \/kubki\/&nbsp;<\/span><span style=\"font-size: large;\">ufundowane przez Pani\u0105 <strong>Gabriel\u0119 Lisius<\/strong> Starost\u0119 Wejherowskiego.<\/span><\/p>\n<p><span style=\"font-size: large;\">Organizatorem by\u0142o Integracyjne Stowarzyszenie Sportowe \u201eSTART\u201d Wejherowo<\/span><\/p>\n","protected":false},"excerpt":{"rendered":"<p>Komunikat z odbytej imprezy sportowej W Wejherowie odby\u0142y si\u0119 \u201e Otwarte Mistrzostwa Powiatu Wejherowskiego&nbsp;w Boccia o Puchar Starosty\u201d na 2018 r. Zawody odby\u0142y si\u0119 w terminach 8,15 i 22 kwietnia 2018 r. W imieniu organizator\u00f3w uroczystego otwarcia dokona\u0142 Prezes \u201eSTART\u201d Wejherowo Kol. Krzysztof Ruchalski. W zawodach uczestniczy\u0142 V-ce Prezes Polskiego Zwi\u0105zku Sportu Niepe\u0142nosprawnych \u201eSTART\u201d w [&hellip;]<\/p>\n","protected":false},"author":2,"featured_media":0,"comment_status":"open","ping_status":"open","sticky":false,"template":"","format":"standard","meta":{"ngg_post_thumbnail":0},"categories":[5],"tags":[],"_links":{"self":[{"href":"http:\/\/startwejherowo.pl\/index.php?rest_route=\/wp\/v2\/posts\/1019"}],"collection":[{"href":"http:\/\/startwejherowo.pl\/index.php?rest_route=\/wp\/v2\/posts"}],"about":[{"href":"http:\/\/startwejherowo.pl\/index.php?rest_route=\/wp\/v2\/types\/post"}],"author":[{"embeddable":true,"href":"http:\/\/startwejherowo.pl\/index.php?rest_route=\/wp\/v2\/users\/2"}],"replies":[{"embeddable":true,"href":"http:\/\/startwejherowo.pl\/index.php?rest_route=%2Fwp%2Fv2%2Fcomments&post=1019"}],"version-history":[{"count":2,"href":"http:\/\/startwejherowo.pl\/index.php?rest_route=\/wp\/v2\/posts\/1019\/revisions"}],"predecessor-version":[{"id":1029,"href":"http:\/\/startwejherowo.pl\/index.php?rest_route=\/wp\/v2\/posts\/1019\/revisions\/1029"}],"wp:attachment":[{"href":"http:\/\/startwejherowo.pl\/index.php?rest_route=%2Fwp%2Fv2%2Fmedia&parent=1019"}],"wp:term":[{"taxonomy":"category","embeddable":true,"href":"http:\/\/startwejherowo.pl\/index.php?rest_route=%2Fwp%2Fv2%2Fcategories&post=1019"},{"taxonomy":"post_tag","embeddable":true,"href":"http:\/\/startwejherowo.pl\/index.php?rest_route=%2Fwp%2Fv2%2Ftags&post=1019"}],"curies":[{"name":"wp","href":"https:\/\/api.w.org\/{rel}","templated":true}]}}