{"id":1031,"date":"2018-05-14T07:55:30","date_gmt":"2018-05-14T07:55:30","guid":{"rendered":"http:\/\/startwejherowo.pl\/?p=1031"},"modified":"2018-05-14T08:00:45","modified_gmt":"2018-05-14T08:00:45","slug":"zawodnicy-startu-u-marszalka-woj-pomorskiego","status":"publish","type":"post","link":"http:\/\/startwejherowo.pl\/?p=1031","title":{"rendered":"Zawodnicy Startu u marsza\u0142ka woj. pomorskiego"},"content":{"rendered":"<p><a href=\"http:\/\/startwejherowo.pl\/wp-content\/uploads\/2018\/05\/16-2-2.jpg\"><img loading=\"lazy\" class=\"aligncenter size-medium wp-image-1032\" src=\"http:\/\/startwejherowo.pl\/wp-content\/uploads\/2018\/05\/16-2-2-300x200.jpg\" alt=\"\" width=\"300\" height=\"200\" srcset=\"http:\/\/startwejherowo.pl\/wp-content\/uploads\/2018\/05\/16-2-2-300x200.jpg 300w, http:\/\/startwejherowo.pl\/wp-content\/uploads\/2018\/05\/16-2-2-768x512.jpg 768w, http:\/\/startwejherowo.pl\/wp-content\/uploads\/2018\/05\/16-2-2.jpg 1024w\" sizes=\"(max-width: 300px) 100vw, 300px\" \/><\/a><\/p>\n<h3 style=\"text-align: center;\"><span style=\"font-size: xx-large;\"><b>Zawodnicy Wejherowskiego \u201eSTARTU\u201d<\/b><\/span><\/h3>\n<h3 style=\"text-align: center;\"><span style=\"font-size: xx-large;\"><b>u Marsza\u0142ka woj. Pomorskiego.<\/b><\/span><\/h3>\n<p><span style=\"font-size: large;\">W dniu 7 maja 2018 r. w Urz\u0119dzie Marsza\u0142kowskim w Gda\u0144sku zostali przyj\u0119ci i uhonorowani przez Marsza\u0142ka Pana Mieczys\u0142awa Struk zawodnicy Wejherowskiego \u201eSTARTU\u201d w sk\u0142adzie: <\/span><\/p>\n<ul>\n<li><span style=\"font-size: large;\">Zygmunt Wielecki, <\/span><\/li>\n<li><span style=\"font-size: large;\">Krzysztof Jurkiewicz,<\/span><\/li>\n<li><span style=\"font-size: large;\">Marek Uzia\u0142ko <\/span><\/li>\n<li><span style=\"font-size: large;\">Jan Kiedrowicz <\/span><\/li>\n<\/ul>\n<p><span style=\"font-size: large;\">za zdobycie Dru\u017cynowego Wicemistrzostwa \u015awiata i Mistrzostwa Polski w szachach oraz godne reprezentowanie Wojew\u00f3dztwa Pomorskiego na zawodach rangi \u015bwiatowej i og\u00f3lnopolskiej.<\/span><\/p>\n<p><span style=\"font-size: large;\">Ponadto Pan Marsza\u0142ek uhonorowa\u0142 Prezesa ISS \u201eSTART\u201d Wejherowo <strong>Krzysztofa Ruchalskiego<\/strong> za wybitne zas\u0142ugi w rozwoju sportu w Wojew\u00f3dztwie Pomorskim.<\/span><\/p>\n","protected":false},"excerpt":{"rendered":"<p>Zawodnicy Wejherowskiego \u201eSTARTU\u201d u Marsza\u0142ka woj. Pomorskiego. W dniu 7 maja 2018 r. w Urz\u0119dzie Marsza\u0142kowskim w Gda\u0144sku zostali przyj\u0119ci i uhonorowani przez Marsza\u0142ka Pana Mieczys\u0142awa Struk zawodnicy Wejherowskiego \u201eSTARTU\u201d w sk\u0142adzie: Zygmunt Wielecki, Krzysztof Jurkiewicz, Marek Uzia\u0142ko Jan Kiedrowicz za zdobycie Dru\u017cynowego Wicemistrzostwa \u015awiata i Mistrzostwa Polski w szachach oraz godne reprezentowanie Wojew\u00f3dztwa Pomorskiego [&hellip;]<\/p>\n","protected":false},"author":2,"featured_media":0,"comment_status":"open","ping_status":"open","sticky":false,"template":"","format":"standard","meta":{"ngg_post_thumbnail":0},"categories":[4],"tags":[],"_links":{"self":[{"href":"http:\/\/startwejherowo.pl\/index.php?rest_route=\/wp\/v2\/posts\/1031"}],"collection":[{"href":"http:\/\/startwejherowo.pl\/index.php?rest_route=\/wp\/v2\/posts"}],"about":[{"href":"http:\/\/startwejherowo.pl\/index.php?rest_route=\/wp\/v2\/types\/post"}],"author":[{"embeddable":true,"href":"http:\/\/startwejherowo.pl\/index.php?rest_route=\/wp\/v2\/users\/2"}],"replies":[{"embeddable":true,"href":"http:\/\/startwejherowo.pl\/index.php?rest_route=%2Fwp%2Fv2%2Fcomments&post=1031"}],"version-history":[{"count":5,"href":"http:\/\/startwejherowo.pl\/index.php?rest_route=\/wp\/v2\/posts\/1031\/revisions"}],"predecessor-version":[{"id":1037,"href":"http:\/\/startwejherowo.pl\/index.php?rest_route=\/wp\/v2\/posts\/1031\/revisions\/1037"}],"wp:attachment":[{"href":"http:\/\/startwejherowo.pl\/index.php?rest_route=%2Fwp%2Fv2%2Fmedia&parent=1031"}],"wp:term":[{"taxonomy":"category","embeddable":true,"href":"http:\/\/startwejherowo.pl\/index.php?rest_route=%2Fwp%2Fv2%2Fcategories&post=1031"},{"taxonomy":"post_tag","embeddable":true,"href":"http:\/\/startwejherowo.pl\/index.php?rest_route=%2Fwp%2Fv2%2Ftags&post=1031"}],"curies":[{"name":"wp","href":"https:\/\/api.w.org\/{rel}","templated":true}]}}