{"id":1054,"date":"2018-06-22T16:06:40","date_gmt":"2018-06-22T16:06:40","guid":{"rendered":"http:\/\/startwejherowo.pl\/?p=1054"},"modified":"2018-06-22T16:06:40","modified_gmt":"2018-06-22T16:06:40","slug":"kalendarz-imprez-sportowo-integracyjnych-na-2018-r","status":"publish","type":"post","link":"http:\/\/startwejherowo.pl\/?p=1054","title":{"rendered":"Kalendarz Imprez Sportowo-Integracyjnych  na 2018 r."},"content":{"rendered":"<p><span style=\"color: #000000;\"><span style=\"font-size: large;\">Kalendarz Imprez Sportowo-Integracyjnych<\/span><\/span><\/p>\n<p><span style=\"color: #000000;\"><span style=\"font-size: large;\">na 2018 r.<\/span><\/span><\/p>\n<table border=\"1\" width=\"571\" cellspacing=\"0\" cellpadding=\"7\">\n<colgroup>\n<col width=\"133\">\n<col width=\"127\">\n<col width=\"127\">\n<col width=\"126\"><\/colgroup>\n<tbody>\n<tr valign=\"TOP\">\n<td width=\"133\"><span style=\"color: #000000;\"><span style=\"font-size: large;\">Lp<\/span><\/span><\/td>\n<td width=\"127\"><span style=\"color: #000000;\"><span style=\"font-size: large;\">IMPREZA<\/span><\/span><\/td>\n<td width=\"127\"><span style=\"color: #000000;\"><span style=\"font-size: large;\">DATA<\/span><\/span><\/td>\n<td width=\"126\"><span style=\"color: #000000;\"><span style=\"font-size: large;\">MIEJSCE<\/span><\/span><\/td>\n<\/tr>\n<tr valign=\"TOP\">\n<td width=\"133\"><span style=\"color: #000000;\">1-11<\/span><\/td>\n<td width=\"127\"><span style=\"color: #000000;\">Udzia\u0142 w rozgrywkach III Ligi Tenisa Sto\u0142owego \/sezon 2017-18 \/<\/span><\/td>\n<td width=\"127\"><span style=\"color: #000000;\">I \u2013 IV. 2018<\/span><\/td>\n<td width=\"126\"><span style=\"color: #000000;\">Wojew\u00f3dztwo<\/span><\/p>\n<p><span style=\"color: #000000;\">pomorskie<\/span><\/td>\n<\/tr>\n<tr valign=\"TOP\">\n<td width=\"133\"><span style=\"color: #000000;\">12.<\/span><\/td>\n<td width=\"127\"><span style=\"color: #000000;\">Otwarte Mistrzostwa Powiatu Wejherowskiego w Boccia<\/span><\/td>\n<td width=\"127\"><span style=\"color: #000000;\">8,15,22. 04.2018<\/span><\/td>\n<td width=\"126\"><span style=\"color: #000000;\">Wejherowo<\/span><\/td>\n<\/tr>\n<tr valign=\"TOP\">\n<td width=\"133\"><span style=\"color: #000000;\">13.<\/span><\/td>\n<td width=\"127\"><span style=\"color: #000000;\">Og\u00f3lnopolski Turniej Szachowy<\/span><\/td>\n<td width=\"127\"><span style=\"color: #000000;\">6-13.06.2018<\/span><\/td>\n<td width=\"126\"><span style=\"color: #000000;\">Ustronie Morskie<\/span><\/td>\n<\/tr>\n<tr valign=\"TOP\">\n<td width=\"133\"><span style=\"color: #000000;\">14.<\/span><\/td>\n<td width=\"127\"><span style=\"color: #000000;\">Mistrzostwa \u015awiata Os\u00f3b Niepe\u0142nosprawnych w Szachach . <\/span><\/td>\n<td width=\"127\"><span style=\"color: #000000;\">21-30.06.2018<\/span><\/td>\n<td width=\"126\"><span style=\"color: #000000;\">Praga\/Czechy<\/span><\/td>\n<\/tr>\n<tr valign=\"TOP\">\n<td width=\"133\"><span style=\"color: #000000;\">15.<\/span><\/td>\n<td width=\"127\"><span style=\"color: #000000;\">Zawody Sportowe Os\u00f3b Niepe\u0142nosprawnych w Boccia<\/span><\/td>\n<td width=\"127\"><span style=\"color: #000000;\">23-25.06.2018<\/span><\/td>\n<td width=\"126\"><span style=\"color: #000000;\">Jastrz\u0119bia G\u00f3ra<\/span><\/td>\n<\/tr>\n<tr valign=\"TOP\">\n<td width=\"133\"><span style=\"color: #000000;\">16-26<\/span><\/td>\n<td width=\"127\"><span style=\"color: #000000;\">Udzia\u0142 w rozgrywkach III Ligi Tenisa Sto\u0142owego \/sezon 2018-19 \/<\/span><\/td>\n<td width=\"127\"><span style=\"color: #000000;\">IX-XII.2018<\/span><\/td>\n<td width=\"126\"><span style=\"color: #000000;\">Wojew\u00f3dztwo<\/span><\/p>\n<p><span style=\"color: #000000;\">pomorskie<\/span><\/td>\n<\/tr>\n<tr valign=\"TOP\">\n<td width=\"133\"><span style=\"color: #000000;\">27.<\/span><\/td>\n<td width=\"127\"><span style=\"color: #000000;\">Og\u00f3lnopolski Turniej Tenisa Sto\u0142owego<\/span><\/td>\n<td width=\"127\"><span style=\"color: #000000;\">7-9.IX.2028<\/span><\/td>\n<td width=\"126\"><span style=\"color: #000000;\">Mausz<\/span><\/p>\n<p><span style=\"color: #000000;\">Sul\u0119czyno<\/span><\/td>\n<\/tr>\n<tr valign=\"TOP\">\n<td width=\"133\"><span style=\"color: #000000;\">28.<\/span><\/td>\n<td width=\"127\"><span style=\"color: #000000;\">Zawody Sportowe ON w Tenisie Sto\u0142owym i w Szachach<\/span><\/td>\n<td width=\"127\"><span style=\"color: #000000;\">21-23.IX.2018<\/span><\/td>\n<td width=\"126\"><span style=\"color: #000000;\">Jastrz\u0119bia G\u00f3ra<\/span><\/td>\n<\/tr>\n<tr valign=\"TOP\">\n<td width=\"133\"><span style=\"color: #000000;\">29.<\/span><\/td>\n<td width=\"127\"><span style=\"color: #000000;\">II \u201eGRAND PRIX\u201d Polski w Tenisie Sto\u0142owym<\/span><\/td>\n<td width=\"127\"><span style=\"color: #000000;\">28-30.IX.2018<\/span><\/td>\n<td width=\"126\"><span style=\"color: #000000;\">Gda\u0144sk<\/span><\/td>\n<\/tr>\n<tr valign=\"TOP\">\n<td width=\"133\"><span style=\"color: #000000;\">30.<\/span><\/td>\n<td width=\"127\"><span style=\"color: #000000;\">Og\u00f3lnopolski Turniej Boccia<\/span><\/td>\n<td width=\"127\"><span style=\"color: #000000;\">6-7.X.2018<\/span><\/td>\n<td width=\"126\"><span style=\"color: #000000;\">Mausz<\/span><\/p>\n<p><span style=\"color: #000000;\">Sul\u0119czyno<\/span><\/td>\n<\/tr>\n<tr valign=\"TOP\">\n<td width=\"133\"><span style=\"color: #000000;\">31.<\/span><\/td>\n<td width=\"127\"><span style=\"color: #000000;\">Puchar Polski Os\u00f3b Niepe\u0142nosprawnych w Boccia<\/span><\/td>\n<td width=\"127\"><span style=\"color: #000000;\">12-14.X.2018<\/span><\/td>\n<td width=\"126\"><span style=\"color: #000000;\">Konin<\/span><\/td>\n<\/tr>\n<tr valign=\"TOP\">\n<td width=\"133\"><span style=\"color: #000000;\">32.<\/span><\/td>\n<td width=\"127\"><span style=\"color: #000000;\">Mistrzostwa Polski w Szachach Szybkich i B\u0142yskawicznych<\/span><\/td>\n<td width=\"127\"><span style=\"color: #000000;\">19-21.X.2018<\/span><\/td>\n<td width=\"126\"><span style=\"color: #000000;\">Gorz\u00f3w Wlkp.<\/span><\/td>\n<\/tr>\n<tr valign=\"TOP\">\n<td width=\"133\"><span style=\"color: #000000;\">13.<\/span><\/td>\n<td width=\"127\"><span style=\"color: #000000;\">III \u201eGRAND PRIX\u201d Polski w Tenisie Sto\u0142owym<\/span><\/td>\n<td width=\"127\"><span style=\"color: #000000;\">26-28.X.2018<\/span><\/td>\n<td width=\"126\"><span style=\"color: #000000;\">Gda\u0144sk<\/span><\/td>\n<\/tr>\n<tr valign=\"TOP\">\n<td width=\"133\"><span style=\"color: #000000;\">34.<\/span><\/td>\n<td width=\"127\"><span style=\"color: #000000;\">Indywidualne Mistrzostwa Polski w Tenisie Sto\u0142owym -fina\u0142y<\/span><\/td>\n<td width=\"127\"><span style=\"color: #000000;\">9-11.XI.2018<\/span><\/td>\n<td width=\"126\"><span style=\"color: #000000;\">Drzonk\u00f3w \/ k Zielonej G\u00f3ry <\/span><\/td>\n<\/tr>\n<tr valign=\"TOP\">\n<td width=\"133\"><span style=\"color: #000000;\">35.<\/span><\/td>\n<td width=\"127\"><span style=\"color: #000000;\">XXV Og\u00f3lnopolskie Zawody Sportowe w ramach Obchod\u00f3w \u015awiatowego Dnia Os\u00f3b Niepe\u0142nosprawnych<\/span><\/td>\n<td width=\"127\"><span style=\"color: #000000;\">1-2.XII.2018<\/span><\/td>\n<td width=\"126\"><span style=\"color: #000000;\">Grudzi\u0105dz<\/span><\/td>\n<\/tr>\n<tr valign=\"TOP\">\n<td width=\"133\"><span style=\"color: #000000;\">36.<\/span><\/td>\n<td width=\"127\"><span style=\"color: #000000;\"><span style=\"font-size: small;\">Mi\u0119dzynarodowe Zawody w Boccia<\/span><\/span><\/td>\n<td width=\"127\"><span style=\"color: #000000;\">7-9.XII.2018<\/span><\/td>\n<td width=\"126\"><span style=\"color: #000000;\">Konopiska<\/span><\/p>\n<p><span style=\"color: #000000;\">k\/Cz\u0119stochowy<\/span><\/td>\n<\/tr>\n<\/tbody>\n<\/table>\n","protected":false},"excerpt":{"rendered":"<p>Kalendarz Imprez Sportowo-Integracyjnych na 2018 r. Lp IMPREZA DATA MIEJSCE 1-11 Udzia\u0142 w rozgrywkach III Ligi Tenisa Sto\u0142owego \/sezon 2017-18 \/ I \u2013 IV. 2018 Wojew\u00f3dztwo pomorskie 12. Otwarte Mistrzostwa Powiatu Wejherowskiego w Boccia 8,15,22. 04.2018 Wejherowo 13. Og\u00f3lnopolski Turniej Szachowy 6-13.06.2018 Ustronie Morskie 14. Mistrzostwa \u015awiata Os\u00f3b Niepe\u0142nosprawnych w Szachach . 21-30.06.2018 Praga\/Czechy 15. [&hellip;]<\/p>\n","protected":false},"author":2,"featured_media":0,"comment_status":"open","ping_status":"open","sticky":false,"template":"","format":"standard","meta":{"ngg_post_thumbnail":0},"categories":[4],"tags":[],"_links":{"self":[{"href":"http:\/\/startwejherowo.pl\/index.php?rest_route=\/wp\/v2\/posts\/1054"}],"collection":[{"href":"http:\/\/startwejherowo.pl\/index.php?rest_route=\/wp\/v2\/posts"}],"about":[{"href":"http:\/\/startwejherowo.pl\/index.php?rest_route=\/wp\/v2\/types\/post"}],"author":[{"embeddable":true,"href":"http:\/\/startwejherowo.pl\/index.php?rest_route=\/wp\/v2\/users\/2"}],"replies":[{"embeddable":true,"href":"http:\/\/startwejherowo.pl\/index.php?rest_route=%2Fwp%2Fv2%2Fcomments&post=1054"}],"version-history":[{"count":2,"href":"http:\/\/startwejherowo.pl\/index.php?rest_route=\/wp\/v2\/posts\/1054\/revisions"}],"predecessor-version":[{"id":1056,"href":"http:\/\/startwejherowo.pl\/index.php?rest_route=\/wp\/v2\/posts\/1054\/revisions\/1056"}],"wp:attachment":[{"href":"http:\/\/startwejherowo.pl\/index.php?rest_route=%2Fwp%2Fv2%2Fmedia&parent=1054"}],"wp:term":[{"taxonomy":"category","embeddable":true,"href":"http:\/\/startwejherowo.pl\/index.php?rest_route=%2Fwp%2Fv2%2Fcategories&post=1054"},{"taxonomy":"post_tag","embeddable":true,"href":"http:\/\/startwejherowo.pl\/index.php?rest_route=%2Fwp%2Fv2%2Ftags&post=1054"}],"curies":[{"name":"wp","href":"https:\/\/api.w.org\/{rel}","templated":true}]}}