{"id":1058,"date":"2018-10-21T19:14:57","date_gmt":"2018-10-21T19:14:57","guid":{"rendered":"http:\/\/startwejherowo.pl\/?p=1058"},"modified":"2019-07-15T14:36:05","modified_gmt":"2019-07-15T14:36:05","slug":"ii-ogolnopolski-integracyjny-turniej-boccia-o-puchar-slawy-woj-lubuskie","status":"publish","type":"post","link":"http:\/\/startwejherowo.pl\/?p=1058","title":{"rendered":"II  Og\u00f3lnopolski  Integracyjny Turniej Boccia o puchar S\u0142awy woj. Lubuskie"},"content":{"rendered":"<p><a href=\"http:\/\/galeria.startwejherowo.pl\/index.php?\/category\/34\"><img loading=\"lazy\" class=\"aligncenter wp-image-1060 size-medium\" src=\"http:\/\/startwejherowo.pl\/wp-content\/uploads\/2018\/10\/4-300x225.jpg\" alt=\"\" width=\"300\" height=\"225\" srcset=\"http:\/\/startwejherowo.pl\/wp-content\/uploads\/2018\/10\/4-300x225.jpg 300w, http:\/\/startwejherowo.pl\/wp-content\/uploads\/2018\/10\/4-768x576.jpg 768w, http:\/\/startwejherowo.pl\/wp-content\/uploads\/2018\/10\/4-1024x768.jpg 1024w, http:\/\/startwejherowo.pl\/wp-content\/uploads\/2018\/10\/4.jpg 1920w\" sizes=\"(max-width: 300px) 100vw, 300px\" \/><\/a><\/p>\n<p>W dniach 14-16 wrze\u015bnia 2018 roku odby\u0142 si\u0119<span class=\"Apple-converted-space\">&nbsp; <\/span>II<span class=\"Apple-converted-space\">&nbsp; <\/span>Og\u00f3lnopolski<span class=\"Apple-converted-space\">&nbsp; <\/span>Integracyjny<\/p>\n<p>Turniej Boccia o puchar S\u0142awy woj. Lubuskie<\/p>\n<p>Organizatorem turnieju by\u0142a Fundacja<span class=\"Apple-converted-space\">&nbsp; <\/span>\u201e Alternatywy\u201d<span class=\"Apple-converted-space\">&nbsp; <\/span>w S\u0142awie.<\/p>\n<p>W turnieju wzi\u0119\u0142o udzia\u0142 16 dru\u017cyn<span class=\"Apple-converted-space\">&nbsp; <\/span>z Jeleniej G\u00f3ry, G\u0142ogowa,<\/p>\n<p>Szczecina, Nowej Soli, S\u0142awy, Wschowej, Zielonej G\u00f3ry, Gi\u017cycka i Wejherowa.<\/p>\n<p>Dru\u017cyn\u0119 ISS \u201eSTART\u201d Wejherowo reprezentowali: Anna Konik, Gabriela Andrzejewska ( kapitan) i Helena Szpunar.<\/p>\n<p>Zawody by\u0142y na bardzo wysokim poziomie i pomimo zaci\u0119tej walki dru\u017cyna ISS \u201eSTART\u201d Wejherowo zdoby\u0142a V<span class=\"Apple-converted-space\">&nbsp; <\/span>miejsce.<\/p>\n<p><span class=\"Apple-converted-space\">&nbsp;<\/span>Wyniki turnieju-<\/p>\n<p><span class=\"Apple-converted-space\">&nbsp; <\/span>I miejsce<span class=\"Apple-converted-space\">&nbsp; <\/span>&#8211;<span class=\"Apple-converted-space\">&nbsp; <\/span>START Szczecin<\/p>\n<p>II<span class=\"Apple-converted-space\">&nbsp; <\/span>miejsce<span class=\"Apple-converted-space\">&nbsp; <\/span>&#8211;<span class=\"Apple-converted-space\">&nbsp; <\/span>IKS \u2013 Integracja CONAN \u2013 Gi\u017cycko<\/p>\n<p>III miejsce<span class=\"Apple-converted-space\">&nbsp; <\/span>&#8211;<span class=\"Apple-converted-space\">&nbsp; <\/span>START \u2013 SIMET \u2013 Jelenia G\u00f3ra<\/p>\n<p>IV miejsce<span class=\"Apple-converted-space\">&nbsp; <\/span>&#8211;<span class=\"Apple-converted-space\">&nbsp; <\/span>ALTERNATYWY &#8211; S\u0142awa<\/p>\n<p>Trenerem ISS \u201eSTART\u201d Wejherowo by\u0142 Waldemar Konik<\/p>\n","protected":false},"excerpt":{"rendered":"<p>W dniach 14-16 wrze\u015bnia 2018 roku odby\u0142 si\u0119&nbsp; II&nbsp; Og\u00f3lnopolski&nbsp; Integracyjny Turniej Boccia o puchar S\u0142awy woj. Lubuskie Organizatorem turnieju by\u0142a Fundacja&nbsp; \u201e Alternatywy\u201d&nbsp; w S\u0142awie. W turnieju wzi\u0119\u0142o udzia\u0142 16 dru\u017cyn&nbsp; z Jeleniej G\u00f3ry, G\u0142ogowa, Szczecina, Nowej Soli, S\u0142awy, Wschowej, Zielonej G\u00f3ry, Gi\u017cycka i Wejherowa. Dru\u017cyn\u0119 ISS \u201eSTART\u201d Wejherowo reprezentowali: Anna Konik, Gabriela Andrzejewska [&hellip;]<\/p>\n","protected":false},"author":2,"featured_media":0,"comment_status":"open","ping_status":"open","sticky":false,"template":"","format":"standard","meta":{"ngg_post_thumbnail":0},"categories":[5],"tags":[],"_links":{"self":[{"href":"http:\/\/startwejherowo.pl\/index.php?rest_route=\/wp\/v2\/posts\/1058"}],"collection":[{"href":"http:\/\/startwejherowo.pl\/index.php?rest_route=\/wp\/v2\/posts"}],"about":[{"href":"http:\/\/startwejherowo.pl\/index.php?rest_route=\/wp\/v2\/types\/post"}],"author":[{"embeddable":true,"href":"http:\/\/startwejherowo.pl\/index.php?rest_route=\/wp\/v2\/users\/2"}],"replies":[{"embeddable":true,"href":"http:\/\/startwejherowo.pl\/index.php?rest_route=%2Fwp%2Fv2%2Fcomments&post=1058"}],"version-history":[{"count":3,"href":"http:\/\/startwejherowo.pl\/index.php?rest_route=\/wp\/v2\/posts\/1058\/revisions"}],"predecessor-version":[{"id":1141,"href":"http:\/\/startwejherowo.pl\/index.php?rest_route=\/wp\/v2\/posts\/1058\/revisions\/1141"}],"wp:attachment":[{"href":"http:\/\/startwejherowo.pl\/index.php?rest_route=%2Fwp%2Fv2%2Fmedia&parent=1058"}],"wp:term":[{"taxonomy":"category","embeddable":true,"href":"http:\/\/startwejherowo.pl\/index.php?rest_route=%2Fwp%2Fv2%2Fcategories&post=1058"},{"taxonomy":"post_tag","embeddable":true,"href":"http:\/\/startwejherowo.pl\/index.php?rest_route=%2Fwp%2Fv2%2Ftags&post=1058"}],"curies":[{"name":"wp","href":"https:\/\/api.w.org\/{rel}","templated":true}]}}