{"id":1071,"date":"2018-11-14T19:25:29","date_gmt":"2018-11-14T19:25:29","guid":{"rendered":"http:\/\/startwejherowo.pl\/?p=1071"},"modified":"2019-07-15T14:33:04","modified_gmt":"2019-07-15T14:33:04","slug":"zawody-sportowe-w-jastrzebiej-gorze","status":"publish","type":"post","link":"http:\/\/startwejherowo.pl\/?p=1071","title":{"rendered":"Zawody Sportowe w Jastrz\u0119biej G\u00f3rze"},"content":{"rendered":"<p><a href=\"http:\/\/galeria.startwejherowo.pl\/index.php?\/category\/38\"><img loading=\"lazy\" class=\"aligncenter size-medium wp-image-1072\" src=\"http:\/\/startwejherowo.pl\/wp-content\/uploads\/2018\/11\/8-300x225.jpg\" alt=\"\" width=\"300\" height=\"225\" srcset=\"http:\/\/startwejherowo.pl\/wp-content\/uploads\/2018\/11\/8-300x225.jpg 300w, http:\/\/startwejherowo.pl\/wp-content\/uploads\/2018\/11\/8-768x576.jpg 768w, http:\/\/startwejherowo.pl\/wp-content\/uploads\/2018\/11\/8-1024x768.jpg 1024w, http:\/\/startwejherowo.pl\/wp-content\/uploads\/2018\/11\/8.jpg 1920w\" sizes=\"(max-width: 300px) 100vw, 300px\" \/><\/a><\/p>\n<p style=\"text-align: center;\"><strong>Zawody sportowe w Jastrz\u0119biej G\u00f3rze \u2013 2018 r.<\/strong><\/p>\n<p><span class=\"Apple-converted-space\">&nbsp; &nbsp; &nbsp; <\/span>W O\u015brodku Wypoczynkowym \u201eDIUNA\u201d w Jastrz\u0119biej G\u00f3rze odby\u0142y si\u0119&nbsp;w dniach <span style=\"color: #000080;\">23-25.06.2018<\/span> r. Zawody Sportowe Os\u00f3b Niepe\u0142nosprawnych w Boccia<span class=\"Apple-converted-space\">&nbsp; <\/span>i w dniach <span style=\"color: #000080;\">21-23.09.2018<\/span> r. w Tenisie Sto\u0142owym i w Szachach<span class=\"Apple-converted-space\">&nbsp; <\/span>pod patronatem i o puchar Pani Dyrektor Powiatowego Centrum Pomocy Rodzinie w Wejherowie.<\/p>\n<p>Zawody cieszy\u0142y si\u0119 du\u017cym zainteresowaniem i popularno\u015bci\u0105 os\u00f3b niepe\u0142nosprawnych.<\/p>\n<p>Wyniki ko\u0144cowe turniej\u00f3w \u2013 23-25.06.2018 r.<\/p>\n<p>Grupa kobiet<\/p>\n<p><span class=\"Apple-converted-space\">&nbsp;&nbsp; <\/span>I m.<span class=\"Apple-converted-space\">&nbsp; <\/span>&#8211;<span class=\"Apple-converted-space\">&nbsp; <\/span>Anna Konik<span class=\"Apple-converted-space\">&nbsp; <\/span>&#8211; Reda<\/p>\n<p><span class=\"Apple-converted-space\">&nbsp; <\/span>II m.<span class=\"Apple-converted-space\">&nbsp; <\/span>&#8211;<span class=\"Apple-converted-space\">&nbsp; <\/span>Helena Szpunar<span class=\"Apple-converted-space\">&nbsp; <\/span>&#8211; Wejherowo<\/p>\n<p><span class=\"Apple-converted-space\">&nbsp;<\/span>III m.<span class=\"Apple-converted-space\">&nbsp; <\/span>&#8211;<span class=\"Apple-converted-space\">&nbsp; <\/span>Gabriela Andrzejewska \u2013 Rumia<\/p>\n<p>Grupa m\u0119\u017cczyzn<\/p>\n<p><span class=\"Apple-converted-space\">&nbsp;&nbsp; <\/span>I m.<span class=\"Apple-converted-space\">&nbsp; <\/span>&#8211;<span class=\"Apple-converted-space\">&nbsp; <\/span>Andrzej Bu\u0142akowski \u2013 Wejherowo<\/p>\n<p><span class=\"Apple-converted-space\">&nbsp; <\/span>II m.<span class=\"Apple-converted-space\">&nbsp; <\/span>&#8211;<span class=\"Apple-converted-space\">&nbsp; <\/span>Jerzy Gajewski \u2013 Rumia<\/p>\n<p><span class=\"Apple-converted-space\">&nbsp;<\/span>III m.<span class=\"Apple-converted-space\">&nbsp; <\/span>&#8211;<span class=\"Apple-converted-space\">&nbsp; <\/span>Zbigniew Skwarczy\u0144ski \u2013 Wejherowo<\/p>\n<p>Grupa \u201eOPEN\u201d<\/p>\n<p><span class=\"Apple-converted-space\">&nbsp;&nbsp; <\/span>I m.<span class=\"Apple-converted-space\">&nbsp; <\/span>&#8211;<span class=\"Apple-converted-space\">&nbsp; <\/span>Helena Szpunar \u2013 Wejherowo<\/p>\n<p><span class=\"Apple-converted-space\">&nbsp; <\/span>II m.<span class=\"Apple-converted-space\">&nbsp; <\/span>&#8211;<span class=\"Apple-converted-space\">&nbsp; <\/span>Franciszek Ku\u017ami\u0144ski \u2013 Wejherowo<\/p>\n<p><span class=\"Apple-converted-space\">&nbsp;<\/span>III m.<span class=\"Apple-converted-space\">&nbsp; <\/span>&#8211;<span class=\"Apple-converted-space\">&nbsp; <\/span>Adam Andrzejewski \u2013 Rumia<\/p>\n<p>Wyniki ko\u0144cowe turniej\u00f3w 21-23.09.2018 r.<\/p>\n<p>Tenis Sto\u0142owy<\/p>\n<p><span class=\"Apple-converted-space\">&nbsp;&nbsp; <\/span>I m.<span class=\"Apple-converted-space\">&nbsp; <\/span>&#8211;<span class=\"Apple-converted-space\">&nbsp; <\/span>Adam Andrzejewski \u2013 Rumia<\/p>\n<p><span class=\"Apple-converted-space\">&nbsp; <\/span>II m.<span class=\"Apple-converted-space\">&nbsp; <\/span>\u2013 \u0141ukasz Goike- Wejherowo<\/p>\n<p><span class=\"Apple-converted-space\">&nbsp;<\/span>III m. &#8211;<span class=\"Apple-converted-space\">&nbsp; <\/span>Andrzej Puchowski \u2013 Rumia<\/p>\n<p>Szachy<\/p>\n<p><span class=\"Apple-converted-space\">&nbsp;&nbsp; <\/span>I m.<span class=\"Apple-converted-space\">&nbsp; <\/span>&#8211;<span class=\"Apple-converted-space\">&nbsp; <\/span>Krzysztof Jurkiewicz \u2013 Wejherowo<\/p>\n<p><span class=\"Apple-converted-space\">&nbsp; <\/span>II m.<span class=\"Apple-converted-space\">&nbsp; <\/span>&#8211;<span class=\"Apple-converted-space\">&nbsp; <\/span>Andrzej Bu\u0142akowski \u2013 Wejherowo<\/p>\n<p><span class=\"Apple-converted-space\">&nbsp;<\/span>III m.<span class=\"Apple-converted-space\">&nbsp; <\/span>&#8211;<span class=\"Apple-converted-space\">&nbsp; <\/span>Jerzy Gajewski \u2013 Rumia<\/p>\n<p>Zwyci\u0119zcy otrzymali puchary ufundowane przez Pani\u0105 Dyrektor PCPR w Wejherowie, kt\u00f3re by\u0142o wspieraj\u0105cym finansowo organizacj\u0119 zawod\u00f3w.<\/p>\n<p>Zawody odby\u0142y si\u0119 w mi\u0142ej i sympatycznej atmosferze zako\u0144czone przy ognisku i muzyce oraz wsp\u00f3ln\u0105 kolacj\u0105.<\/p>\n<p>G\u0142\u00f3wnym organizatorem zawod\u00f3w by\u0142 ISS \u201eSTART\u201d Wejherowo.<\/p>\n","protected":false},"excerpt":{"rendered":"<p>Zawody sportowe w Jastrz\u0119biej G\u00f3rze \u2013 2018 r. &nbsp; &nbsp; &nbsp; W O\u015brodku Wypoczynkowym \u201eDIUNA\u201d w Jastrz\u0119biej G\u00f3rze odby\u0142y si\u0119&nbsp;w dniach 23-25.06.2018 r. Zawody Sportowe Os\u00f3b Niepe\u0142nosprawnych w Boccia&nbsp; i w dniach 21-23.09.2018 r. w Tenisie Sto\u0142owym i w Szachach&nbsp; pod patronatem i o puchar Pani Dyrektor Powiatowego Centrum Pomocy Rodzinie w Wejherowie. Zawody cieszy\u0142y [&hellip;]<\/p>\n","protected":false},"author":2,"featured_media":0,"comment_status":"open","ping_status":"open","sticky":false,"template":"","format":"standard","meta":{"ngg_post_thumbnail":0},"categories":[5,7],"tags":[],"_links":{"self":[{"href":"http:\/\/startwejherowo.pl\/index.php?rest_route=\/wp\/v2\/posts\/1071"}],"collection":[{"href":"http:\/\/startwejherowo.pl\/index.php?rest_route=\/wp\/v2\/posts"}],"about":[{"href":"http:\/\/startwejherowo.pl\/index.php?rest_route=\/wp\/v2\/types\/post"}],"author":[{"embeddable":true,"href":"http:\/\/startwejherowo.pl\/index.php?rest_route=\/wp\/v2\/users\/2"}],"replies":[{"embeddable":true,"href":"http:\/\/startwejherowo.pl\/index.php?rest_route=%2Fwp%2Fv2%2Fcomments&post=1071"}],"version-history":[{"count":3,"href":"http:\/\/startwejherowo.pl\/index.php?rest_route=\/wp\/v2\/posts\/1071\/revisions"}],"predecessor-version":[{"id":1136,"href":"http:\/\/startwejherowo.pl\/index.php?rest_route=\/wp\/v2\/posts\/1071\/revisions\/1136"}],"wp:attachment":[{"href":"http:\/\/startwejherowo.pl\/index.php?rest_route=%2Fwp%2Fv2%2Fmedia&parent=1071"}],"wp:term":[{"taxonomy":"category","embeddable":true,"href":"http:\/\/startwejherowo.pl\/index.php?rest_route=%2Fwp%2Fv2%2Fcategories&post=1071"},{"taxonomy":"post_tag","embeddable":true,"href":"http:\/\/startwejherowo.pl\/index.php?rest_route=%2Fwp%2Fv2%2Ftags&post=1071"}],"curies":[{"name":"wp","href":"https:\/\/api.w.org\/{rel}","templated":true}]}}