{"id":1080,"date":"2018-11-24T19:41:55","date_gmt":"2018-11-24T19:41:55","guid":{"rendered":"http:\/\/startwejherowo.pl\/?p=1080"},"modified":"2018-11-24T19:42:17","modified_gmt":"2018-11-24T19:42:17","slug":"medal-dla-prezesa-iss-start-wejherowo","status":"publish","type":"post","link":"http:\/\/startwejherowo.pl\/?p=1080","title":{"rendered":"Medal dla Prezesa   ISS START Wejherowo"},"content":{"rendered":"<p style=\"text-align: center;\">Medal dla Prezesa <span class=\"Apple-converted-space\">&nbsp; <\/span>ISS \u201eSTART\u201d Wejherowo<\/p>\n<p style=\"text-align: center;\">przyznany przez Marsza\u0142ka Wojew\u00f3dztwa Pomorskiego<\/p>\n<p style=\"text-align: center;\">\u201e<strong>Dla Pana Krzysztofa Ruchalskiego<\/strong>\u201d<\/p>\n<p style=\"text-align: center;\"><a href=\"http:\/\/startwejherowo.pl\/?attachment_id=1081\" rel=\"attachment wp-att-1081\"><img loading=\"lazy\" class=\"aligncenter size-medium wp-image-1081\" src=\"http:\/\/startwejherowo.pl\/wp-content\/uploads\/2018\/11\/DSC00908-225x300.jpg\" alt=\"\" width=\"225\" height=\"300\" srcset=\"http:\/\/startwejherowo.pl\/wp-content\/uploads\/2018\/11\/DSC00908-225x300.jpg 225w, http:\/\/startwejherowo.pl\/wp-content\/uploads\/2018\/11\/DSC00908-768x1024.jpg 768w, http:\/\/startwejherowo.pl\/wp-content\/uploads\/2018\/11\/DSC00908.jpg 1920w\" sizes=\"(max-width: 225px) 100vw, 225px\" \/><\/a><\/p>\n<p style=\"text-align: center;\"><span class=\"Apple-converted-space\">&nbsp;&nbsp; &nbsp; <\/span>za wybitne osi\u0105gni\u0119cia w rozwoju sportu w Wojew\u00f3dztwie Pomorskim<\/p>\n<p style=\"text-align: center;\">Mieczys\u0142aw Struk<\/p>\n<p style=\"text-align: center;\">Marsza\u0142ek Wojew\u00f3dztwa Pomorskiego<\/p>\n<p style=\"text-align: center;\">Wejherowo 3 pa\u017adziernika 2018 r.<\/p>\n<p><a href=\"http:\/\/startwejherowo.pl\/?attachment_id=1082\" rel=\"attachment wp-att-1082\"><img loading=\"lazy\" class=\"size-medium wp-image-1082 aligncenter\" src=\"http:\/\/startwejherowo.pl\/wp-content\/uploads\/2018\/11\/IMG_20181003_135849-300x225.jpg\" alt=\"\" width=\"300\" height=\"225\" srcset=\"http:\/\/startwejherowo.pl\/wp-content\/uploads\/2018\/11\/IMG_20181003_135849-300x225.jpg 300w, http:\/\/startwejherowo.pl\/wp-content\/uploads\/2018\/11\/IMG_20181003_135849-768x576.jpg 768w, http:\/\/startwejherowo.pl\/wp-content\/uploads\/2018\/11\/IMG_20181003_135849-1024x768.jpg 1024w, http:\/\/startwejherowo.pl\/wp-content\/uploads\/2018\/11\/IMG_20181003_135849.jpg 1920w\" sizes=\"(max-width: 300px) 100vw, 300px\" \/><\/a><\/p>\n","protected":false},"excerpt":{"rendered":"<p>Medal dla Prezesa &nbsp; ISS \u201eSTART\u201d Wejherowo przyznany przez Marsza\u0142ka Wojew\u00f3dztwa Pomorskiego \u201eDla Pana Krzysztofa Ruchalskiego\u201d &nbsp;&nbsp; &nbsp; za wybitne osi\u0105gni\u0119cia w rozwoju sportu w Wojew\u00f3dztwie Pomorskim Mieczys\u0142aw Struk Marsza\u0142ek Wojew\u00f3dztwa Pomorskiego Wejherowo 3 pa\u017adziernika 2018 r.<\/p>\n","protected":false},"author":2,"featured_media":0,"comment_status":"open","ping_status":"open","sticky":false,"template":"","format":"standard","meta":{"ngg_post_thumbnail":0},"categories":[4],"tags":[],"_links":{"self":[{"href":"http:\/\/startwejherowo.pl\/index.php?rest_route=\/wp\/v2\/posts\/1080"}],"collection":[{"href":"http:\/\/startwejherowo.pl\/index.php?rest_route=\/wp\/v2\/posts"}],"about":[{"href":"http:\/\/startwejherowo.pl\/index.php?rest_route=\/wp\/v2\/types\/post"}],"author":[{"embeddable":true,"href":"http:\/\/startwejherowo.pl\/index.php?rest_route=\/wp\/v2\/users\/2"}],"replies":[{"embeddable":true,"href":"http:\/\/startwejherowo.pl\/index.php?rest_route=%2Fwp%2Fv2%2Fcomments&post=1080"}],"version-history":[{"count":2,"href":"http:\/\/startwejherowo.pl\/index.php?rest_route=\/wp\/v2\/posts\/1080\/revisions"}],"predecessor-version":[{"id":1084,"href":"http:\/\/startwejherowo.pl\/index.php?rest_route=\/wp\/v2\/posts\/1080\/revisions\/1084"}],"wp:attachment":[{"href":"http:\/\/startwejherowo.pl\/index.php?rest_route=%2Fwp%2Fv2%2Fmedia&parent=1080"}],"wp:term":[{"taxonomy":"category","embeddable":true,"href":"http:\/\/startwejherowo.pl\/index.php?rest_route=%2Fwp%2Fv2%2Fcategories&post=1080"},{"taxonomy":"post_tag","embeddable":true,"href":"http:\/\/startwejherowo.pl\/index.php?rest_route=%2Fwp%2Fv2%2Ftags&post=1080"}],"curies":[{"name":"wp","href":"https:\/\/api.w.org\/{rel}","templated":true}]}}