{"id":1100,"date":"2019-04-15T16:32:46","date_gmt":"2019-04-15T16:32:46","guid":{"rendered":"http:\/\/startwejherowo.pl\/?p=1100"},"modified":"2019-04-15T16:32:46","modified_gmt":"2019-04-15T16:32:46","slug":"kalendarz-imprez-2019","status":"publish","type":"post","link":"http:\/\/startwejherowo.pl\/?p=1100","title":{"rendered":"Kalendarz imprez 2019"},"content":{"rendered":"\n<p>&nbsp;&nbsp; &nbsp; &nbsp; &nbsp; &nbsp; &nbsp; &nbsp; &nbsp; &nbsp; &nbsp; &nbsp; &nbsp; Kalendarz&nbsp; Imprez Sportowo-Integracyjnych<\/p>\n\n\n\n<p>&nbsp; &nbsp; &nbsp; &nbsp; &nbsp; &nbsp; &nbsp; &nbsp; &nbsp; &nbsp; &nbsp; &nbsp; &nbsp; &nbsp; &nbsp; &nbsp; &nbsp; &nbsp; &nbsp; &nbsp; &nbsp; &nbsp; &nbsp; &nbsp; &nbsp; &nbsp; &nbsp; &nbsp; na 2019 r.<\/p>\n\n\n\n<table class=\"wp-block-table\"><tbody><tr><td>\nLp\n<\/td><td>\n&nbsp; &nbsp; &nbsp; &nbsp; &nbsp; &nbsp; &nbsp; &nbsp; &nbsp; IMPREZA\n<\/td><td>\n&nbsp; &nbsp; DATA\n<\/td><td>\n&nbsp;&nbsp; &nbsp; &nbsp; MIEJSCE\n<\/td><\/tr><tr><td>\n1-11\n<\/td><td>\nUdzia\u0142 w Rozgrywkach III Ligi Tenisa Sto\u0142owego \/ sezon 2018-19\/\n<\/td><td>\nI \u2013 IV. 2019r.\n<\/td><td>\nWojew\u00f3dztwo\npomorskie\n<\/td><\/tr><tr><td>\n12\n<\/td><td>\nDru\u017cynowe Mistrzostwa Polski w tenisie sto\u0142owym\n<\/td><td>\n5 \u2013 7. IV.2019r.\n<\/td><td>\nWis\u0142a\n<\/td><\/tr><tr><td>\n13.\n<\/td><td>\nOtwarte Mistrzostwa Powiatu Wejherowskiego w Boccia\n<br>\n<\/td><td>\n04, 06-07. IV. 2019r.\n<br>\n<\/td><td>\nWejherowo\n<\/td><\/tr><tr><td>\n14.\n<\/td><td>\nZawody Sportowe Os\u00f3b Niepe\u0142nosprawnych\nw Boccia\n<\/td><td>\n3-5. V. 2019r.\n<\/td><td>\n\u0141eba\n<\/td><\/tr><tr><td>\n15.\n<\/td><td>\nIndywidualne Mistrzostwa Polski w Tenisie\nSto\u0142owym &#8211; fina\u0142y\n<\/td><td>\n16-19. V. 2019r.\n<\/td><td>\nWis\u0142a\n<\/td><\/tr><tr><td>\n16.\n<\/td><td>\nMistrzostwa \u015awiata Os\u00f3b Niepe\u0142nosprawnych\nw Szachach\n<\/td><td>\n27.VI-07.VII.2019r.\n<\/td><td>\nRu\u017comberk\nS\u0142owacja\n<\/td><\/tr><tr><td>\n17.\n<\/td><td>\nOg\u00f3lnopolski Turniej Tenisa Sto\u0142owego\n<\/td><td>\n13-15. IX. 2019r.\n<\/td><td>\nMausz\nSul\u0119czyno\n<\/td><\/tr><tr><td>\n18.\n<\/td><td>\nZawody Sportowe Os\u00f3b Niepe\u0142nosprawnych\nw Tenisie Sto\u0142owym i w Szachach&nbsp;\n<\/td><td>\n27-29. IX. 2019r.\n<\/td><td>\n\u0141eba\n<\/td><\/tr><tr><td>\n19-29.\n<\/td><td>\nUdzia\u0142 w rozgrywkach III Ligi Tenisa Sto\u0142owego \/sezon 2019-20\/\n<\/td><td>\nIX \u2013 XII. 2019r.\n<\/td><td>\nWojew\u00f3dztwo\npomorskie\n<\/td><\/tr><tr><td>\n30.\n<\/td><td>\nII\u201eGRAND PRIX\u201d Polski w tenisie sto\u0142owym\n<\/td><td>\n4-6.X.2019r.\n<\/td><td>\nGda\u0144sk\n<br>\n<\/td><\/tr><tr><td>\n31.\n<\/td><td>\nOg\u00f3lnopolski Turniej Boccia\n<\/td><td>\n4-6.X.2019r.\n<\/td><td>\nMausz\nSul\u0119czyno\n<\/td><\/tr><tr><td>\n32.\n<\/td><td>\nMistrzostwa Polski w Szachach Szybkich i B\u0142yskawicznych\n<\/td><td>\n3-6.X. 2019r.\n<\/td><td>\nBydgoszcz\n<\/td><\/tr><tr><td>\n33.\n<\/td><td>\nIII \u201eGRAND PRIX\u201d Polski w tenisie sto\u0142owym\n<\/td><td>\n8-10.XI. 2019r.\n<\/td><td>\nGda\u0144sk\n<br>\n<\/td><\/tr><tr><td>\n34.\n<\/td><td>\nXXV Og\u00f3lnopolskie Zawody Sportowe w ramach Obchod\u00f3w \u015awiatowego Dnia Os\u00f3b Niepe\u0142nosprawnych\n<\/td><td>\n27.XI-1.XII.2019r.\n<\/td><td>\nGrudzi\u0105dz\n<\/td><\/tr><tr><td>\n35.\n<\/td><td>\nMi\u0119dzynarodowe Zawody w Boccia\n<\/td><td>\nXII. 2019r.\n<\/td><td>\nKonopiska\nk\/Cz\u0119stochowy\n<\/td><\/tr><tr><td>\n36.\n<\/td><td>\nPuchar Polski Boccia Open w Zamo\u015bciu\n<\/td><td>\nTermin do uzgodnienia\n<\/td><td>\nZamo\u015b\u0107\n<\/td><\/tr><\/tbody><\/table>\n","protected":false},"excerpt":{"rendered":"<p>&nbsp;&nbsp; &nbsp; &nbsp; &nbsp; &nbsp; &nbsp; &nbsp; &nbsp; &nbsp; &nbsp; &nbsp; &nbsp; Kalendarz&nbsp; Imprez Sportowo-Integracyjnych &nbsp; &nbsp; &nbsp; &nbsp; &nbsp; &nbsp; &nbsp; &nbsp; &nbsp; &nbsp; &nbsp; &nbsp; &nbsp; &nbsp; &nbsp; &nbsp; &nbsp; &nbsp; &nbsp; &nbsp; &nbsp; &nbsp; &nbsp; &nbsp; &nbsp; &nbsp; &nbsp; &nbsp; na 2019 r. Lp &nbsp; &nbsp; &nbsp; &nbsp; &nbsp; &nbsp; &nbsp; &nbsp; [&hellip;]<\/p>\n","protected":false},"author":2,"featured_media":0,"comment_status":"open","ping_status":"open","sticky":false,"template":"","format":"standard","meta":{"ngg_post_thumbnail":0},"categories":[1],"tags":[14,13,12],"_links":{"self":[{"href":"http:\/\/startwejherowo.pl\/index.php?rest_route=\/wp\/v2\/posts\/1100"}],"collection":[{"href":"http:\/\/startwejherowo.pl\/index.php?rest_route=\/wp\/v2\/posts"}],"about":[{"href":"http:\/\/startwejherowo.pl\/index.php?rest_route=\/wp\/v2\/types\/post"}],"author":[{"embeddable":true,"href":"http:\/\/startwejherowo.pl\/index.php?rest_route=\/wp\/v2\/users\/2"}],"replies":[{"embeddable":true,"href":"http:\/\/startwejherowo.pl\/index.php?rest_route=%2Fwp%2Fv2%2Fcomments&post=1100"}],"version-history":[{"count":1,"href":"http:\/\/startwejherowo.pl\/index.php?rest_route=\/wp\/v2\/posts\/1100\/revisions"}],"predecessor-version":[{"id":1101,"href":"http:\/\/startwejherowo.pl\/index.php?rest_route=\/wp\/v2\/posts\/1100\/revisions\/1101"}],"wp:attachment":[{"href":"http:\/\/startwejherowo.pl\/index.php?rest_route=%2Fwp%2Fv2%2Fmedia&parent=1100"}],"wp:term":[{"taxonomy":"category","embeddable":true,"href":"http:\/\/startwejherowo.pl\/index.php?rest_route=%2Fwp%2Fv2%2Fcategories&post=1100"},{"taxonomy":"post_tag","embeddable":true,"href":"http:\/\/startwejherowo.pl\/index.php?rest_route=%2Fwp%2Fv2%2Ftags&post=1100"}],"curies":[{"name":"wp","href":"https:\/\/api.w.org\/{rel}","templated":true}]}}