{"id":1108,"date":"2019-04-22T07:13:37","date_gmt":"2019-04-22T07:13:37","guid":{"rendered":"http:\/\/startwejherowo.pl\/?p=1108"},"modified":"2019-07-15T14:31:08","modified_gmt":"2019-07-15T14:31:08","slug":"otwarte-mistrzostwa-w-boccia-wejherowo","status":"publish","type":"post","link":"http:\/\/startwejherowo.pl\/?p=1108","title":{"rendered":"Otwarte mistrzostwa w boccia &#8211; Wejherowo"},"content":{"rendered":"\n<figure class=\"wp-block-image\"><a href=\"http:\/\/galeria.startwejherowo.pl\/index.php?\/category\/39\"><img loading=\"lazy\" width=\"1024\" height=\"683\" src=\"http:\/\/startwejherowo.pl\/wp-content\/uploads\/2019\/04\/DSCF7835-1024x683.jpg\" alt=\"\" class=\"wp-image-1109\" srcset=\"http:\/\/startwejherowo.pl\/wp-content\/uploads\/2019\/04\/DSCF7835-1024x683.jpg 1024w, http:\/\/startwejherowo.pl\/wp-content\/uploads\/2019\/04\/DSCF7835-300x200.jpg 300w, http:\/\/startwejherowo.pl\/wp-content\/uploads\/2019\/04\/DSCF7835-768x512.jpg 768w, http:\/\/startwejherowo.pl\/wp-content\/uploads\/2019\/04\/DSCF7835.jpg 1200w\" sizes=\"(max-width: 1024px) 100vw, 1024px\" \/><\/a><\/figure>\n\n\n\n<p style=\"text-align:center\">Komunikat z odbytej Imprezy Sportowej<\/p>\n\n\n\n<p><strong>&nbsp; &nbsp; &nbsp; &nbsp; &nbsp; &nbsp; &nbsp; &nbsp; \u2018\u2019 Otwarte Mistrzostwa Powiatu Wejherowskiego<\/strong><\/p>\n\n\n\n<p><strong>&nbsp; &nbsp; &nbsp; &nbsp; &nbsp; &nbsp; &nbsp; &nbsp; &nbsp; &nbsp; &nbsp; &nbsp; &nbsp; &nbsp; O Puchar Starosty w Boccia \u2018\u2019<\/strong><\/p>\n\n\n\n<p>W dniach 04, 06, 07 kwietnia 2019 r. odby\u0142y si\u0119 Otwarte Mistrzostwa Powiatu Wejherowskiego o Puchar Starosty w Boccia.<\/p>\n\n\n\n<p>Turnieje rozegrano w hali sportowej Szko\u0142y Podstawowej nr 5 w Wejherowie ul. Gda\u0144ska 30.<\/p>\n\n\n\n<p>W imieniu organizator\u00f3w uroczystego otwarcia dokona\u0142 Prezes ISS \u201eSTART\u201d kol. Krzysztof Ruchalski.<\/p>\n\n\n\n<p>W zawodach uczestniczyli V-ce Prezes Polskiego Zwi\u0105zku Sportu Niepe\u0142nosprawnych \u201eSTART\u201d w Warszawie i Prezes Pomorskiego Zwi\u0105zku Organizacji Sportu Niepe\u0142nosprawnych w Gda\u0144sku Pan Eugeniusz Grabowski, Prezes Zrzeszenia Handlu i Us\u0142ug w Wejherowie Pan Ryszard Kliczykowski oraz b .Prezes K S \u201eSTART\u201d w Gda\u0144sku Pan Jerzy Lamparski, kt\u00f3rzy bardzo wysoko ocenili organizacj\u0119 imprezy i wr\u0119czali nagrody.<\/p>\n\n\n\n<p>Zawody rozegrano w 4 kategoriach: Zdrowi, Niepe\u0142nosprawni, Gr A \u201eparaolimpijczycy\u201d,&nbsp;<\/p>\n\n\n\n<p>i Niepe\u0142nosprawni gr B \u201eopen\u201d.<\/p>\n\n\n\n<p>W zawodach startowa\u0142o \u0142\u0105cznie 61 zawodniczek i zawodnik\u00f3w z naszego regionu.<\/p>\n\n\n\n<p>Wyniki turniej\u00f3w:<\/p>\n\n\n\n<p><strong>1\/ Indywidualnie \/ niepe\u0142nosprawni\/&nbsp; 04.04.2019 .<\/strong><\/p>\n\n\n\n<p>&nbsp; &nbsp; &nbsp; &nbsp; I m. &#8211;&nbsp; Andrzej Puchowski<\/p>\n\n\n\n<p>&nbsp;&nbsp; &nbsp; &nbsp; II m. &#8211;&nbsp; Andrzej Bu\u0142akowski<\/p>\n\n\n\n<p>&nbsp; &nbsp; &nbsp; III m. &#8211;&nbsp; Waldemar Konik<\/p>\n\n\n\n<p><strong>2\/ Indywidualnie \/zdrowi\/&nbsp; 06.04.2019 r.<\/strong><\/p>\n\n\n\n<p>&nbsp; &nbsp; &nbsp; &nbsp; I m. &#8211;&nbsp; Andrzej Bia\u0142as<\/p>\n\n\n\n<p>&nbsp;&nbsp; &nbsp; &nbsp; II m. &#8211;&nbsp; Maria Wolska-Gieryk<\/p>\n\n\n\n<p>&nbsp; &nbsp; &nbsp; III m. &#8211;&nbsp; Genowefa Miotke<\/p>\n\n\n\n<p><strong>3\/ Indywidualnie gr. \u201e paraolimpijska\u201d&nbsp; 07.04.2019 r.<\/strong><\/p>\n\n\n\n<p>&nbsp; &nbsp; &nbsp; &nbsp; I m. &#8211;&nbsp; Marta Dadasiewicz<\/p>\n\n\n\n<p>&nbsp;&nbsp; &nbsp; &nbsp; II m. &#8211;&nbsp; Anna Konik<\/p>\n\n\n\n<p>&nbsp; &nbsp; &nbsp; III m. &#8211;&nbsp; Marek R\u00f3\u017cniak<\/p>\n\n\n\n<p><strong>4\/ Indywidualnie \/ niepe\u0142nosprawni oraz zdrowi \u201eopen\u201d&nbsp; 07.04.2019 r.<\/strong><\/p>\n\n\n\n<p>&nbsp; &nbsp; &nbsp; &nbsp; I m. &#8211;&nbsp; Helena Szpunar<\/p>\n\n\n\n<p>&nbsp;&nbsp; &nbsp; &nbsp; II m. &#8211;&nbsp; Andrzej Puchowski<\/p>\n\n\n\n<p>&nbsp; &nbsp; &nbsp; III m. &#8211;&nbsp; Henryk Ptach .<\/p>\n\n\n\n<p>Zawody bardzo sprawnie przeprowadzili S\u0119dzia G\u0142\u00f3wny Andrzej Bia\u0142as oraz z-ca s\u0119dziego g\u0142. Dagmar Rzoska przy wsp\u00f3\u0142pracy z s\u0119dziami licz\u0105cymi Waldemarem Konikiem i J\u00f3zefem Motowid\u0142o.<\/p>\n\n\n\n<p>Zwyci\u0119zcy poszczeg\u00f3lnych&nbsp; kategorii otrzymali puchary i&nbsp; dyplomy oraz wszyscy uczestnicy mistrzostw pami\u0105tkowe okoliczno\u015bciowe gad\u017cety \/kubki\/ ufundowane przez Starost\u0119 Powiatu Wejherowskiego Pani\u0105 Gabriel\u0119 Lisius.<\/p>\n\n\n\n<p>Organizatorem zawod\u00f3w by\u0142o&nbsp; &#8211; Integracyjne Stowarzyszenie Sportowe \u2018\u2019START\u2019\u2019 Wejherowo w ramach zawartej umowy w tym zakresie z Zarz\u0105dem Powiatu Wejherowskiego.<\/p>\n","protected":false},"excerpt":{"rendered":"<p>Komunikat z odbytej Imprezy Sportowej &nbsp; &nbsp; &nbsp; &nbsp; &nbsp; &nbsp; &nbsp; &nbsp; \u2018\u2019 Otwarte Mistrzostwa Powiatu Wejherowskiego &nbsp; &nbsp; &nbsp; &nbsp; &nbsp; &nbsp; &nbsp; &nbsp; &nbsp; &nbsp; &nbsp; &nbsp; &nbsp; &nbsp; O Puchar Starosty w Boccia \u2018\u2019 W dniach 04, 06, 07 kwietnia 2019 r. odby\u0142y si\u0119 Otwarte Mistrzostwa Powiatu Wejherowskiego o Puchar Starosty [&hellip;]<\/p>\n","protected":false},"author":2,"featured_media":0,"comment_status":"open","ping_status":"open","sticky":false,"template":"","format":"standard","meta":{"ngg_post_thumbnail":0},"categories":[1],"tags":[],"_links":{"self":[{"href":"http:\/\/startwejherowo.pl\/index.php?rest_route=\/wp\/v2\/posts\/1108"}],"collection":[{"href":"http:\/\/startwejherowo.pl\/index.php?rest_route=\/wp\/v2\/posts"}],"about":[{"href":"http:\/\/startwejherowo.pl\/index.php?rest_route=\/wp\/v2\/types\/post"}],"author":[{"embeddable":true,"href":"http:\/\/startwejherowo.pl\/index.php?rest_route=\/wp\/v2\/users\/2"}],"replies":[{"embeddable":true,"href":"http:\/\/startwejherowo.pl\/index.php?rest_route=%2Fwp%2Fv2%2Fcomments&post=1108"}],"version-history":[{"count":4,"href":"http:\/\/startwejherowo.pl\/index.php?rest_route=\/wp\/v2\/posts\/1108\/revisions"}],"predecessor-version":[{"id":1134,"href":"http:\/\/startwejherowo.pl\/index.php?rest_route=\/wp\/v2\/posts\/1108\/revisions\/1134"}],"wp:attachment":[{"href":"http:\/\/startwejherowo.pl\/index.php?rest_route=%2Fwp%2Fv2%2Fmedia&parent=1108"}],"wp:term":[{"taxonomy":"category","embeddable":true,"href":"http:\/\/startwejherowo.pl\/index.php?rest_route=%2Fwp%2Fv2%2Fcategories&post=1108"},{"taxonomy":"post_tag","embeddable":true,"href":"http:\/\/startwejherowo.pl\/index.php?rest_route=%2Fwp%2Fv2%2Ftags&post=1108"}],"curies":[{"name":"wp","href":"https:\/\/api.w.org\/{rel}","templated":true}]}}