{"id":1124,"date":"2019-06-12T16:24:42","date_gmt":"2019-06-12T16:24:42","guid":{"rendered":"http:\/\/startwejherowo.pl\/?p=1124"},"modified":"2019-06-12T16:24:42","modified_gmt":"2019-06-12T16:24:42","slug":"gala-paraolimpijska-w-warszawie","status":"publish","type":"post","link":"http:\/\/startwejherowo.pl\/?p=1124","title":{"rendered":"Gala paraolimpijska w Warszawie"},"content":{"rendered":"\n<figure class=\"wp-block-image\"><img loading=\"lazy\" width=\"1024\" height=\"768\" src=\"http:\/\/startwejherowo.pl\/wp-content\/uploads\/2019\/06\/DSC00978-1-1024x768.jpg\" alt=\"\" class=\"wp-image-1126\" srcset=\"http:\/\/startwejherowo.pl\/wp-content\/uploads\/2019\/06\/DSC00978-1-1024x768.jpg 1024w, http:\/\/startwejherowo.pl\/wp-content\/uploads\/2019\/06\/DSC00978-1-300x225.jpg 300w, http:\/\/startwejherowo.pl\/wp-content\/uploads\/2019\/06\/DSC00978-1-768x576.jpg 768w, http:\/\/startwejherowo.pl\/wp-content\/uploads\/2019\/06\/DSC00978-1.jpg 1366w\" sizes=\"(max-width: 1024px) 100vw, 1024px\" \/><\/figure>\n\n\n<p>Gala Paraolimpijska w Warszawie z udzia\u0142em Prezydenta RP Pana Andrzeja Dudy<\/p>\n<p>W dniu 10 maja 2019 r. odby\u0142a si\u0119 I Gala Polskiego Komitetu Paraolimpijskiego<br>w Warszawie na kt\u00f3r\u0105 zaproszono medalist\u00f3w Igrzysk Paraolimpijskich, trener\u00f3w oraz wyr\u00f3\u017cniaj\u0105cych si\u0119 dzia\u0142aczy sportu os\u00f3b niepe\u0142nosprawnych.<br>Na Gal\u0119 przyby\u0142 Prezydent R.P. Pan Andrzej Duda wraz z ma\u0142\u017conk\u0105, kt\u00f3ry pogratulowa\u0142 \u015bwietnych wynik\u00f3w sportowych, bardzo wielu zdobytych medali, podzi\u0119kowa\u0142 za godne reprezentowanie barw Polski oraz \u017cyczy\u0142 dalszych wynik\u00f3w sportowych i pomy\u015blno\u015bci w \u017cyciu osobistym.<br>W gali uczestniczy\u0142 reprezentuj\u0105c nasz region prezes Integracyjnego Stowarzyszenia Sportowego \u201eSTART\u201d Wejherowo Krzysztof Ruchalski.<\/p>\n<p>Przypomnijmy naszych medalist\u00f3w paraolimpijskich:<\/p>\n<p>Henryk Kohnke &#8211; podnoszenie ci\u0119\u017car\u00f3w<br>&#8211; Seul 1988 r.<br>&#8211; Barcelona 1997 r.<\/p>\n<p>Leszek Hallman &#8211; podnoszenie ci\u0119\u017car\u00f3w<br>&#8211; Atlanta 1996 r.<\/p>\n<p>Natalia Partyka &#8211; tenis sto\u0142owy<br>&#8211; Sydney 2000 r.<br>&#8211; Ateny 2004 r.<br>&#8211; Pekin 2008 r.<\/p>\n<p>Alicja Eigner &#8211; tenis sto\u0142owy<br>&#8211; Londyn 2012 r.<\/p>\n<p>J\u00f3zef Motowid\u0142o &#8211; tenis sto\u0142owy<br>&#8211; Sydney 2000 r.<\/p>\n<p>Na zdj\u0119ciach:<\/p>\n<p>1\/ Krzysztof Ruchalski z zawodniczkami Natali\u0105 Partyk\u0105 i Alicj\u0105 Eigner i Krzysztofem G\u0142\u0105bowiczem<br>2\/ Krzysztof Ruchalski z Prezesem Polskiego Komitetu Paraolimpijskiego w Warszawie \u0141ukaszem Szelig\u0105.<\/p>\n<p>&nbsp;<\/p>\n\n\n<figure class=\"wp-block-image\"><img loading=\"lazy\" width=\"768\" height=\"1024\" src=\"http:\/\/startwejherowo.pl\/wp-content\/uploads\/2019\/06\/DSC00986-768x1024.jpg\" alt=\"\" class=\"wp-image-1127\" srcset=\"http:\/\/startwejherowo.pl\/wp-content\/uploads\/2019\/06\/DSC00986-768x1024.jpg 768w, http:\/\/startwejherowo.pl\/wp-content\/uploads\/2019\/06\/DSC00986-225x300.jpg 225w, http:\/\/startwejherowo.pl\/wp-content\/uploads\/2019\/06\/DSC00986.jpg 1366w\" sizes=\"(max-width: 768px) 100vw, 768px\" \/><\/figure>\n","protected":false},"excerpt":{"rendered":"<p>Gala Paraolimpijska w Warszawie z udzia\u0142em Prezydenta RP Pana Andrzeja Dudy W dniu 10 maja 2019 r. odby\u0142a si\u0119 I Gala Polskiego Komitetu Paraolimpijskiegow Warszawie na kt\u00f3r\u0105 zaproszono medalist\u00f3w Igrzysk Paraolimpijskich, trener\u00f3w oraz wyr\u00f3\u017cniaj\u0105cych si\u0119 dzia\u0142aczy sportu os\u00f3b niepe\u0142nosprawnych.Na Gal\u0119 przyby\u0142 Prezydent R.P. Pan Andrzej Duda wraz z ma\u0142\u017conk\u0105, kt\u00f3ry pogratulowa\u0142 \u015bwietnych wynik\u00f3w sportowych, bardzo [&hellip;]<\/p>\n","protected":false},"author":2,"featured_media":0,"comment_status":"open","ping_status":"open","sticky":false,"template":"","format":"standard","meta":{"ngg_post_thumbnail":0},"categories":[4],"tags":[],"_links":{"self":[{"href":"http:\/\/startwejherowo.pl\/index.php?rest_route=\/wp\/v2\/posts\/1124"}],"collection":[{"href":"http:\/\/startwejherowo.pl\/index.php?rest_route=\/wp\/v2\/posts"}],"about":[{"href":"http:\/\/startwejherowo.pl\/index.php?rest_route=\/wp\/v2\/types\/post"}],"author":[{"embeddable":true,"href":"http:\/\/startwejherowo.pl\/index.php?rest_route=\/wp\/v2\/users\/2"}],"replies":[{"embeddable":true,"href":"http:\/\/startwejherowo.pl\/index.php?rest_route=%2Fwp%2Fv2%2Fcomments&post=1124"}],"version-history":[{"count":1,"href":"http:\/\/startwejherowo.pl\/index.php?rest_route=\/wp\/v2\/posts\/1124\/revisions"}],"predecessor-version":[{"id":1128,"href":"http:\/\/startwejherowo.pl\/index.php?rest_route=\/wp\/v2\/posts\/1124\/revisions\/1128"}],"wp:attachment":[{"href":"http:\/\/startwejherowo.pl\/index.php?rest_route=%2Fwp%2Fv2%2Fmedia&parent=1124"}],"wp:term":[{"taxonomy":"category","embeddable":true,"href":"http:\/\/startwejherowo.pl\/index.php?rest_route=%2Fwp%2Fv2%2Fcategories&post=1124"},{"taxonomy":"post_tag","embeddable":true,"href":"http:\/\/startwejherowo.pl\/index.php?rest_route=%2Fwp%2Fv2%2Ftags&post=1124"}],"curies":[{"name":"wp","href":"https:\/\/api.w.org\/{rel}","templated":true}]}}