{"id":1145,"date":"2019-10-02T20:17:04","date_gmt":"2019-10-02T20:17:04","guid":{"rendered":"http:\/\/startwejherowo.pl\/?p=1145"},"modified":"2019-10-19T14:51:47","modified_gmt":"2019-10-19T14:51:47","slug":"zawody-sportowe-osob-niepelnosprawnych-w-tenisie-stolowym-i-w-szachach","status":"publish","type":"post","link":"http:\/\/startwejherowo.pl\/?p=1145","title":{"rendered":"Zawody sportowe Os\u00f3b Niepe\u0142nosprawnych w Tenisie Sto\u0142owym                  i w Szachach"},"content":{"rendered":"\n<figure class=\"wp-block-image is-resized\"><a href=\"http:\/\/galeria.startwejherowo.pl\/index.php?\/category\/41\"><img loading=\"lazy\" src=\"http:\/\/startwejherowo.pl\/wp-content\/uploads\/2019\/10\/22-1024x768.jpg\" alt=\"\" class=\"wp-image-1146\" width=\"512\" height=\"384\" srcset=\"http:\/\/startwejherowo.pl\/wp-content\/uploads\/2019\/10\/22-1024x768.jpg 1024w, http:\/\/startwejherowo.pl\/wp-content\/uploads\/2019\/10\/22-300x225.jpg 300w, http:\/\/startwejherowo.pl\/wp-content\/uploads\/2019\/10\/22-768x576.jpg 768w\" sizes=\"(max-width: 512px) 100vw, 512px\" \/><\/a><\/figure>\n\n\n\n<p>W O\u015brodku Wypoczynkowym&nbsp; \u2018\u2019DIUNA\u2019\u2019&nbsp; w \u0141ebie w dniach 27.09-29.09.2019&nbsp; r. &nbsp; &nbsp; &nbsp; &nbsp; &nbsp; &nbsp; &nbsp; &nbsp; &nbsp; &nbsp; &nbsp; &nbsp; odby\u0142y si\u0119 zawody sportowe Os\u00f3b Niepe\u0142nosprawnych w Tenisie Sto\u0142owym&nbsp; &nbsp; &nbsp; &nbsp; &nbsp; &nbsp; &nbsp; &nbsp; &nbsp; i w Szachach&nbsp; o Puchar&nbsp; Pani Dyrektor Powiatowego Centrum Pomocy Rodzinie&nbsp; &nbsp; &nbsp; &nbsp; w Wejherowie.<\/p>\n\n\n\n<p>Wyniki ko\u0144cowe&nbsp; &#8211;<\/p>\n\n\n\n<p><strong>Szachy:<\/strong><\/p>\n\n\n\n<p>&nbsp;&nbsp; I m.&nbsp; &nbsp; &nbsp; &#8211;&nbsp; Kuma Bogus\u0142aw<\/p>\n\n\n\n<p>&nbsp; II m . &nbsp; &nbsp; &#8211;&nbsp; Wielecki Zygmunt<\/p>\n\n\n\n<p>&nbsp;III m . &nbsp; &nbsp; &#8211;&nbsp; Uzia\u0142ko Marek<\/p>\n\n\n\n<p><strong>Tenis Sto\u0142owy:&nbsp;<\/strong><\/p>\n\n\n\n<p><strong>&nbsp;&nbsp; <\/strong>I m.&nbsp; &nbsp; &nbsp; &#8211;&nbsp; Andrzejewski Adam<\/p>\n\n\n\n<p>&nbsp; II m . &nbsp; &nbsp; &#8211;&nbsp; Goike \u0141ukasz<\/p>\n\n\n\n<p>&nbsp;III m . &nbsp; &nbsp; &#8211;&nbsp; Artymiak Dariusz<\/p>\n\n\n\n<p>Zwyci\u0119zcy otrzymali Puchary ufundowane przez Pani\u0105 Dyrektor &nbsp; PCPR &nbsp; &nbsp; &nbsp; &nbsp; &nbsp; &nbsp; &nbsp; &nbsp; &nbsp; &nbsp; w Wejherowie.<\/p>\n\n\n\n<p>Organizatorem Zawod\u00f3w by\u0142o Integracyjne Stowarzyszenie Sportowe START &nbsp; &nbsp; &nbsp; &nbsp; &nbsp; w Wejherowie.<\/p>\n","protected":false},"excerpt":{"rendered":"<p>W O\u015brodku Wypoczynkowym&nbsp; \u2018\u2019DIUNA\u2019\u2019&nbsp; w \u0141ebie w dniach 27.09-29.09.2019&nbsp; r. &nbsp; &nbsp; &nbsp; &nbsp; &nbsp; &nbsp; &nbsp; &nbsp; &nbsp; &nbsp; &nbsp; &nbsp; odby\u0142y si\u0119 zawody sportowe Os\u00f3b Niepe\u0142nosprawnych w Tenisie Sto\u0142owym&nbsp; &nbsp; &nbsp; &nbsp; &nbsp; &nbsp; &nbsp; &nbsp; &nbsp; i w Szachach&nbsp; o Puchar&nbsp; Pani Dyrektor Powiatowego Centrum Pomocy Rodzinie&nbsp; &nbsp; &nbsp; &nbsp; w Wejherowie. [&hellip;]<\/p>\n","protected":false},"author":2,"featured_media":0,"comment_status":"open","ping_status":"open","sticky":false,"template":"","format":"standard","meta":{"ngg_post_thumbnail":0},"categories":[5],"tags":[],"_links":{"self":[{"href":"http:\/\/startwejherowo.pl\/index.php?rest_route=\/wp\/v2\/posts\/1145"}],"collection":[{"href":"http:\/\/startwejherowo.pl\/index.php?rest_route=\/wp\/v2\/posts"}],"about":[{"href":"http:\/\/startwejherowo.pl\/index.php?rest_route=\/wp\/v2\/types\/post"}],"author":[{"embeddable":true,"href":"http:\/\/startwejherowo.pl\/index.php?rest_route=\/wp\/v2\/users\/2"}],"replies":[{"embeddable":true,"href":"http:\/\/startwejherowo.pl\/index.php?rest_route=%2Fwp%2Fv2%2Fcomments&post=1145"}],"version-history":[{"count":3,"href":"http:\/\/startwejherowo.pl\/index.php?rest_route=\/wp\/v2\/posts\/1145\/revisions"}],"predecessor-version":[{"id":1151,"href":"http:\/\/startwejherowo.pl\/index.php?rest_route=\/wp\/v2\/posts\/1145\/revisions\/1151"}],"wp:attachment":[{"href":"http:\/\/startwejherowo.pl\/index.php?rest_route=%2Fwp%2Fv2%2Fmedia&parent=1145"}],"wp:term":[{"taxonomy":"category","embeddable":true,"href":"http:\/\/startwejherowo.pl\/index.php?rest_route=%2Fwp%2Fv2%2Fcategories&post=1145"},{"taxonomy":"post_tag","embeddable":true,"href":"http:\/\/startwejherowo.pl\/index.php?rest_route=%2Fwp%2Fv2%2Ftags&post=1145"}],"curies":[{"name":"wp","href":"https:\/\/api.w.org\/{rel}","templated":true}]}}