{"id":1180,"date":"2020-07-13T16:51:11","date_gmt":"2020-07-13T16:51:11","guid":{"rendered":"http:\/\/startwejherowo.pl\/?p=1180"},"modified":"2020-07-13T16:51:11","modified_gmt":"2020-07-13T16:51:11","slug":"zawiadomienie-o-walnym-zebraniu","status":"publish","type":"post","link":"http:\/\/startwejherowo.pl\/?p=1180","title":{"rendered":"Zawiadomienie o walnym zebraniu"},"content":{"rendered":"\n<p><strong>ZAWIADOMIENIE<\/strong><\/p>\n\n\n\n<p>Niniejszym zawiadamia si\u0119 , \u017ce na podstawie par.20 pkt .1 STATUTU,&nbsp;<\/p>\n\n\n\n<p>Zarz\u0105d ISS \u201eSTART\u201d Wejherowo podj\u0119t\u0105 uchwa\u0142\u0105 nr. 04\/20 z dnia 04.07.2020r.\u00a0<\/p>\n\n\n\n<p><strong>ZWO\u0141UJE<\/strong><\/p>\n\n\n\n<p>Walne Zebranie Sprawozdawcze Cz\u0142onk\u00f3w Stowarzyszenia<\/p>\n\n\n\n<p>w dniu 19 lipca 2020 r. (niedziela) godz.11,00 &#8211; (II termin godz.11,15)<\/p>\n\n\n\n<p>w Szkole Podstawowej nr.5 Wejherowo-\u015amiechowo ul. Gda\u0144ska 30.<\/p>\n\n\n\n<p><strong>Porz\u0105dek zebrania:&nbsp;<\/strong><\/p>\n\n\n\n<p>1) Otwarcie zebrania.<\/p>\n\n\n\n<p>2) Wyb\u00f3r Prezydium ( Przewodnicz\u0105cy, Sekretarz)<\/p>\n\n\n\n<p>3) Zatwierdzenie regulaminu obrad.<\/p>\n\n\n\n<p>4) Zatwierdzenie porz\u0105dku obrad.<\/p>\n\n\n\n<p>5) Wyb\u00f3r Komisji (uchwa\u0142 i wniosk\u00f3w oraz mandatowo-skrutacyjnej ).<\/p>\n\n\n\n<p>6) Sprawozdanie Zarz\u0105du z merytorycznej i finansowej&nbsp;<\/p>\n\n\n\n<p>dzia\u0142alno\u015bci Stowarzyszenia za 2019 r.&nbsp;<\/p>\n\n\n\n<p>7) Sprawozdanie Komisji Rewizyjnej za 2019r.<\/p>\n\n\n\n<p>8) Dyskusja nad pkt.6-7.&nbsp;<\/p>\n\n\n\n<p>9) Zatwierdzenie sprawozda\u0144;<\/p>\n\n\n\n<p>&#8211; merytorycznego ,<\/p>\n\n\n\n<p>&#8211; finansowego \/bilansu \/ za 2019r.<\/p>\n\n\n\n<p>10) Podj\u0119cie Uchwa\u0142 Walnego Zebrania<\/p>\n\n\n\n<p>11) Wolne wnioski.<\/p>\n\n\n\n<p>12) Zamkni\u0119cie obrad.<\/p>\n\n\n\n<p><strong>Do wiadomo\u015bci:<\/strong><\/p>\n\n\n\n<p>1) Starostwo Powiatowe w Wejherowie<\/p>\n\n\n\n<p>2) Cz\u0142onkowie zwyczajni ( obecno\u015b\u0107 obowi\u0105zkowa)<\/p>\n\n\n\n<p>3) Cz\u0142onkowie honorowi i uczestnicy ( z pro\u015bb\u0105 o udzia\u0142)<\/p>\n\n\n\n<p>\/Materia\u0142y do wgl\u0105du w biurze Stowarzyszenia\/<\/p>\n\n\n\n<p>UWAGA<\/p>\n\n\n\n<p>Warunkiem udzia\u0142u b\u0119dzie konieczno\u015b\u0107 przestrzegania przez wszystkich&nbsp;<\/p>\n\n\n\n<p>uczestnik\u00f3w procedur zwi\u0105zanych z epidemi\u0105 COVID-19.<\/p>\n","protected":false},"excerpt":{"rendered":"<p>ZAWIADOMIENIE Niniejszym zawiadamia si\u0119 , \u017ce na podstawie par.20 pkt .1 STATUTU,&nbsp; Zarz\u0105d ISS \u201eSTART\u201d Wejherowo podj\u0119t\u0105 uchwa\u0142\u0105 nr. 04\/20 z dnia 04.07.2020r.\u00a0 ZWO\u0141UJE Walne Zebranie Sprawozdawcze Cz\u0142onk\u00f3w Stowarzyszenia w dniu 19 lipca 2020 r. (niedziela) godz.11,00 &#8211; (II termin godz.11,15) w Szkole Podstawowej nr.5 Wejherowo-\u015amiechowo ul. Gda\u0144ska 30. Porz\u0105dek zebrania:&nbsp; 1) Otwarcie zebrania. 2) [&hellip;]<\/p>\n","protected":false},"author":2,"featured_media":0,"comment_status":"open","ping_status":"open","sticky":false,"template":"","format":"standard","meta":{"ngg_post_thumbnail":0},"categories":[1],"tags":[],"_links":{"self":[{"href":"http:\/\/startwejherowo.pl\/index.php?rest_route=\/wp\/v2\/posts\/1180"}],"collection":[{"href":"http:\/\/startwejherowo.pl\/index.php?rest_route=\/wp\/v2\/posts"}],"about":[{"href":"http:\/\/startwejherowo.pl\/index.php?rest_route=\/wp\/v2\/types\/post"}],"author":[{"embeddable":true,"href":"http:\/\/startwejherowo.pl\/index.php?rest_route=\/wp\/v2\/users\/2"}],"replies":[{"embeddable":true,"href":"http:\/\/startwejherowo.pl\/index.php?rest_route=%2Fwp%2Fv2%2Fcomments&post=1180"}],"version-history":[{"count":1,"href":"http:\/\/startwejherowo.pl\/index.php?rest_route=\/wp\/v2\/posts\/1180\/revisions"}],"predecessor-version":[{"id":1181,"href":"http:\/\/startwejherowo.pl\/index.php?rest_route=\/wp\/v2\/posts\/1180\/revisions\/1181"}],"wp:attachment":[{"href":"http:\/\/startwejherowo.pl\/index.php?rest_route=%2Fwp%2Fv2%2Fmedia&parent=1180"}],"wp:term":[{"taxonomy":"category","embeddable":true,"href":"http:\/\/startwejherowo.pl\/index.php?rest_route=%2Fwp%2Fv2%2Fcategories&post=1180"},{"taxonomy":"post_tag","embeddable":true,"href":"http:\/\/startwejherowo.pl\/index.php?rest_route=%2Fwp%2Fv2%2Ftags&post=1180"}],"curies":[{"name":"wp","href":"https:\/\/api.w.org\/{rel}","templated":true}]}}