{"id":1188,"date":"2020-08-12T19:18:19","date_gmt":"2020-08-12T19:18:19","guid":{"rendered":"http:\/\/startwejherowo.pl\/?p=1188"},"modified":"2020-08-12T19:22:00","modified_gmt":"2020-08-12T19:22:00","slug":"kalendarz-imprez-2020","status":"publish","type":"post","link":"http:\/\/startwejherowo.pl\/?p=1188","title":{"rendered":"Kalendarz imprez 2020"},"content":{"rendered":"\n<p><strong>Kalendarz Imprez Sportowo- Integracyjnych<\/strong> <strong>na 2020 r.<\/strong><\/p>\n\n\n\n<p><\/p>\n\n\n\n<figure class=\"wp-block-table\"><table class=\"\"><tbody><tr><td><strong>Lp<\/strong><\/td><td><strong>IMPREZA<\/strong><\/td><td><strong>DATA<\/strong><\/td><td><strong>MIEJSCE<\/strong><\/td><\/tr><tr><td>1.<\/td><td>Udzia\u0142 w rozgrywkach III Ligi Tenisa Sto\u0142owego \/ sezon 2019-2020\/<\/td><td>I \u2013 III. 2020<\/td><td>Wojew\u00f3dztwo pomorskie<\/td><\/tr><tr><td>2.<\/td><td>Og\u00f3lnopolskie Zawody w Szachach<\/td><td>8-15. VIII. 2020<\/td><td>Suwa\u0142ki<br><\/td><\/tr><tr><td>3.<\/td><td>Indywidualne Mistrzostwa Polski w Tenisie Sto\u0142owym<\/td><td>25-27. IX. 2020<\/td><td>Krak\u00f3w<\/td><\/tr><tr><td>4.<\/td><td>Zawody Sportowe Os\u00f3b Niepe\u0142nosprawnych w Tenisie Sto\u0142owym i Szachach o Puchar Dyr. PCPR w Wejherowie<\/td><td>12-14. IX. 2020<\/td><td>Jastrz\u0119bia G\u00f3ra<\/td><\/tr><tr><td>5.<\/td><td>Udzia\u0142 w rozgrywkach III Ligi Tenisa Sto\u0142owego \/ sezon 2020-2021\/<\/td><td>IX-XII. 2020<\/td><td>Wojew\u00f3dztwo pomorskie<\/td><\/tr><tr><td>6.<\/td><td>Dru\u017cynowe Mistrzostwa Polski w Tenisie Sto\u0142owym<\/td><td>10.-11. X. 2020<\/td><td>Wis\u0142a<\/td><\/tr><tr><td>7.<\/td><td>I \u201eGRAND PRIX\u201d Polski w Tenisie Sto\u0142owym<\/td><td>3-4. X. 2020<\/td><td>Gorz\u00f3w Wlkp.<br><\/td><\/tr><tr><td>8.<\/td><td>II \u201eGRAND PRIX\u201d Polski w Tenisie Sto\u0142owym<br><\/td><td>24-25. X. 2020<\/td><td>Gda\u0144sk<\/td><\/tr><tr><td>9.<\/td><td>Og\u00f3lnopolski Turniej Tenisa Sto\u0142owego<\/td><td>2-4. X. 2020<\/td><td>Mausz Sul\u0119czyno<\/td><td><br><\/td><td><\/td><\/tr><tr><td>10.<\/td><td>Otwarte Mistrzostwa Powiatu Wejherowskiego w Boccia o Puchar Starosty \/fina\u0142y \/<\/td><td>29. XI. 2020<\/td><td>Wejherowo<\/td><\/tr><tr><td>11.<\/td><td>Og\u00f3lnopolski Turniej Boccia<\/td><td>6-8. XI. 2020<\/td><td>Mausz Sul\u0119czyno<\/td><\/tr><tr><td>12.<\/td><td>Mistrzostwa Polski w Szachach Szybkich i B\u0142yskawicznych<\/td><td>20-22. XI. 2020<\/td><td>Gorz\u00f3wWlkp.<\/td><\/tr><tr><td>13.<\/td><td>III \u201eGRAND PRIX\u201d w Tenisie Sto\u0142owym<\/td><td>21-22. XI. 2020<\/td><td>Gda\u0144sk<br><\/td><\/tr><tr><td>14.<\/td><td>XXVI Og\u00f3lnopolskie Zawody Sportowe w ramach \u015awiatowego Dnia Os\u00f3b Niepe\u0142nosprawnych<\/td><td>4-6. XII. 2020<\/td><td>Grudzi\u0105dz<\/td><\/tr><\/tbody><\/table><\/figure>\n","protected":false},"excerpt":{"rendered":"<p>Kalendarz Imprez Sportowo- Integracyjnych na 2020 r. Lp IMPREZA DATA MIEJSCE 1. Udzia\u0142 w rozgrywkach III Ligi Tenisa Sto\u0142owego \/ sezon 2019-2020\/ I \u2013 III. 2020 Wojew\u00f3dztwo pomorskie 2. Og\u00f3lnopolskie Zawody w Szachach 8-15. VIII. 2020 Suwa\u0142ki 3. Indywidualne Mistrzostwa Polski w Tenisie Sto\u0142owym 25-27. IX. 2020 Krak\u00f3w 4. Zawody Sportowe Os\u00f3b Niepe\u0142nosprawnych w Tenisie [&hellip;]<\/p>\n","protected":false},"author":2,"featured_media":0,"comment_status":"open","ping_status":"open","sticky":false,"template":"","format":"standard","meta":{"ngg_post_thumbnail":0},"categories":[1],"tags":[],"_links":{"self":[{"href":"http:\/\/startwejherowo.pl\/index.php?rest_route=\/wp\/v2\/posts\/1188"}],"collection":[{"href":"http:\/\/startwejherowo.pl\/index.php?rest_route=\/wp\/v2\/posts"}],"about":[{"href":"http:\/\/startwejherowo.pl\/index.php?rest_route=\/wp\/v2\/types\/post"}],"author":[{"embeddable":true,"href":"http:\/\/startwejherowo.pl\/index.php?rest_route=\/wp\/v2\/users\/2"}],"replies":[{"embeddable":true,"href":"http:\/\/startwejherowo.pl\/index.php?rest_route=%2Fwp%2Fv2%2Fcomments&post=1188"}],"version-history":[{"count":4,"href":"http:\/\/startwejherowo.pl\/index.php?rest_route=\/wp\/v2\/posts\/1188\/revisions"}],"predecessor-version":[{"id":1192,"href":"http:\/\/startwejherowo.pl\/index.php?rest_route=\/wp\/v2\/posts\/1188\/revisions\/1192"}],"wp:attachment":[{"href":"http:\/\/startwejherowo.pl\/index.php?rest_route=%2Fwp%2Fv2%2Fmedia&parent=1188"}],"wp:term":[{"taxonomy":"category","embeddable":true,"href":"http:\/\/startwejherowo.pl\/index.php?rest_route=%2Fwp%2Fv2%2Fcategories&post=1188"},{"taxonomy":"post_tag","embeddable":true,"href":"http:\/\/startwejherowo.pl\/index.php?rest_route=%2Fwp%2Fv2%2Ftags&post=1188"}],"curies":[{"name":"wp","href":"https:\/\/api.w.org\/{rel}","templated":true}]}}