{"id":1193,"date":"2020-08-28T09:50:41","date_gmt":"2020-08-28T09:50:41","guid":{"rendered":"http:\/\/startwejherowo.pl\/?p=1193"},"modified":"2020-08-28T09:50:41","modified_gmt":"2020-08-28T09:50:41","slug":"ogolnopolskie-zawody-boccia-w-szczecinie-2","status":"publish","type":"post","link":"http:\/\/startwejherowo.pl\/?p=1193","title":{"rendered":"Og\u00f3lnopolskie Zawody Boccia w Szczecinie"},"content":{"rendered":"\n<figure class=\"wp-block-image size-large\"><img loading=\"lazy\" width=\"716\" height=\"537\" src=\"http:\/\/startwejherowo.pl\/wp-content\/uploads\/2020\/08\/IMG_1.jpg\" alt=\"\" class=\"wp-image-1194\" srcset=\"http:\/\/startwejherowo.pl\/wp-content\/uploads\/2020\/08\/IMG_1.jpg 716w, http:\/\/startwejherowo.pl\/wp-content\/uploads\/2020\/08\/IMG_1-300x225.jpg 300w\" sizes=\"(max-width: 716px) 100vw, 716px\" \/><\/figure>\n\n\n\n<p>W dniach 24-25 lipca 2020 r. odby\u0142y si\u0119 Og\u00f3lnopolskie Zawody Boccia w Szczecinie.<\/p>\n\n\n\n<p>W turnieju rywalizowa\u0142o 11 dru\u017cyn w dw\u00f3ch grupach: integracyjnej i BC5 ze Szczecina, S\u0142awy, Poznania, Zielonej G\u00f3ry, G\u0142ogowa i Wejherowa.<\/p>\n\n\n\n<p>W turnieju integracyjnym wzi\u0119li udzia\u0142 mi\u0119dzy innymi zawodnicy ISS \u201eSTART\u201d Wejherowo w sk\u0142adzie: Ku\u017ami\u0144ski Franciszek, Gajewski Jerzy i Lipowski Ryszard<\/p>\n\n\n\n<p>zdobywaj\u0105c zaszczytne IV miejsce.<\/p>\n\n\n\n<p>Wyniki ko\u0144cowe turnieju:<\/p>\n\n\n\n<p>I m. \u2013 Autenticon S\u0142awa&nbsp;<\/p>\n\n\n\n<p>II m. &#8211; START Szczecin I<\/p>\n\n\n\n<p>III m. &#8211; START Pozna\u0144<\/p>\n\n\n\n<p>IV m. \u2013 START Wejherowo<\/p>\n\n\n\n<p>V m. &#8211; Zieloni Zielona G\u00f3ra<\/p>\n\n\n\n<p>VI m. &#8211; IKSON G\u0142og\u00f3w<\/p>\n\n\n\n<figure class=\"wp-block-image size-large\"><img loading=\"lazy\" width=\"403\" height=\"537\" src=\"http:\/\/startwejherowo.pl\/wp-content\/uploads\/2020\/08\/IMG_3.jpg\" alt=\"\" class=\"wp-image-1196\" srcset=\"http:\/\/startwejherowo.pl\/wp-content\/uploads\/2020\/08\/IMG_3.jpg 403w, http:\/\/startwejherowo.pl\/wp-content\/uploads\/2020\/08\/IMG_3-225x300.jpg 225w\" sizes=\"(max-width: 403px) 100vw, 403px\" \/><\/figure>\n\n\n\n<figure class=\"wp-block-image size-large\"><img loading=\"lazy\" width=\"716\" height=\"537\" src=\"http:\/\/startwejherowo.pl\/wp-content\/uploads\/2020\/08\/IMG_2.jpg\" alt=\"\" class=\"wp-image-1195\" srcset=\"http:\/\/startwejherowo.pl\/wp-content\/uploads\/2020\/08\/IMG_2.jpg 716w, http:\/\/startwejherowo.pl\/wp-content\/uploads\/2020\/08\/IMG_2-300x225.jpg 300w\" sizes=\"(max-width: 716px) 100vw, 716px\" \/><\/figure>\n","protected":false},"excerpt":{"rendered":"<p>W dniach 24-25 lipca 2020 r. odby\u0142y si\u0119 Og\u00f3lnopolskie Zawody Boccia w Szczecinie. W turnieju rywalizowa\u0142o 11 dru\u017cyn w dw\u00f3ch grupach: integracyjnej i BC5 ze Szczecina, S\u0142awy, Poznania, Zielonej G\u00f3ry, G\u0142ogowa i Wejherowa. W turnieju integracyjnym wzi\u0119li udzia\u0142 mi\u0119dzy innymi zawodnicy ISS \u201eSTART\u201d Wejherowo w sk\u0142adzie: Ku\u017ami\u0144ski Franciszek, Gajewski Jerzy i Lipowski Ryszard zdobywaj\u0105c zaszczytne [&hellip;]<\/p>\n","protected":false},"author":2,"featured_media":0,"comment_status":"open","ping_status":"open","sticky":false,"template":"","format":"standard","meta":{"ngg_post_thumbnail":0},"categories":[1],"tags":[],"_links":{"self":[{"href":"http:\/\/startwejherowo.pl\/index.php?rest_route=\/wp\/v2\/posts\/1193"}],"collection":[{"href":"http:\/\/startwejherowo.pl\/index.php?rest_route=\/wp\/v2\/posts"}],"about":[{"href":"http:\/\/startwejherowo.pl\/index.php?rest_route=\/wp\/v2\/types\/post"}],"author":[{"embeddable":true,"href":"http:\/\/startwejherowo.pl\/index.php?rest_route=\/wp\/v2\/users\/2"}],"replies":[{"embeddable":true,"href":"http:\/\/startwejherowo.pl\/index.php?rest_route=%2Fwp%2Fv2%2Fcomments&post=1193"}],"version-history":[{"count":1,"href":"http:\/\/startwejherowo.pl\/index.php?rest_route=\/wp\/v2\/posts\/1193\/revisions"}],"predecessor-version":[{"id":1197,"href":"http:\/\/startwejherowo.pl\/index.php?rest_route=\/wp\/v2\/posts\/1193\/revisions\/1197"}],"wp:attachment":[{"href":"http:\/\/startwejherowo.pl\/index.php?rest_route=%2Fwp%2Fv2%2Fmedia&parent=1193"}],"wp:term":[{"taxonomy":"category","embeddable":true,"href":"http:\/\/startwejherowo.pl\/index.php?rest_route=%2Fwp%2Fv2%2Fcategories&post=1193"},{"taxonomy":"post_tag","embeddable":true,"href":"http:\/\/startwejherowo.pl\/index.php?rest_route=%2Fwp%2Fv2%2Ftags&post=1193"}],"curies":[{"name":"wp","href":"https:\/\/api.w.org\/{rel}","templated":true}]}}