{"id":1198,"date":"2020-09-24T09:04:58","date_gmt":"2020-09-24T09:04:58","guid":{"rendered":"http:\/\/startwejherowo.pl\/?p=1198"},"modified":"2020-09-24T09:13:33","modified_gmt":"2020-09-24T09:13:33","slug":"zawody-sportowe-w-tenisie-stolowym-i-szachach","status":"publish","type":"post","link":"http:\/\/startwejherowo.pl\/?p=1198","title":{"rendered":"Zawody sportowe w tenisie sto\u0142owym i szachach"},"content":{"rendered":"\n<figure class=\"wp-block-image size-large\"><a href=\"http:\/\/galeria.startwejherowo.pl\/index.php?\/category\/44\"><img loading=\"lazy\" width=\"1024\" height=\"768\" src=\"http:\/\/startwejherowo.pl\/wp-content\/uploads\/2020\/09\/16-1024x768.jpg\" alt=\"\" class=\"wp-image-1199\" srcset=\"http:\/\/startwejherowo.pl\/wp-content\/uploads\/2020\/09\/16-1024x768.jpg 1024w, http:\/\/startwejherowo.pl\/wp-content\/uploads\/2020\/09\/16-300x225.jpg 300w, http:\/\/startwejherowo.pl\/wp-content\/uploads\/2020\/09\/16-768x576.jpg 768w, http:\/\/startwejherowo.pl\/wp-content\/uploads\/2020\/09\/16-1536x1152.jpg 1536w, http:\/\/startwejherowo.pl\/wp-content\/uploads\/2020\/09\/16.jpg 1920w\" sizes=\"(max-width: 1024px) 100vw, 1024px\" \/><\/a><\/figure>\n\n\n\n<p><strong>Zawody Sportowe Os\u00f3b Niepe\u0142nosprawnych<\/strong><\/p>\n\n\n\n<p><strong>w Tenisie Sto\u0142owym i w Szachach<\/strong><\/p>\n\n\n\n<p>W dniach 12-14 09.2020 r. w O\u015brodku Wypoczynkowym \u201eDIUNA\u201d w Jastrz\u0119biej G\u00f3rze odby\u0142y si\u0119 zawody sportowe Os\u00f3b Niepe\u0142nosprawnych w Tenisie Sto\u0142owym<\/p>\n\n\n\n<p>i w Szachach o Puchar Pani Dyrektor Powiatowego Centrum Pomocy Rodzinie<\/p>\n\n\n\n<p>w Wejherowie.<\/p>\n\n\n\n<p>Wyniki ko\u0144cowe:<\/p>\n\n\n\n<p>Tenis Sto\u0142owy<\/p>\n\n\n\n<p>I m. &#8211; Goike \u0141ukasz<\/p>\n\n\n\n<p>II m. &#8211; Artymiak Dariusz<\/p>\n\n\n\n<p>III m. &#8211; Skwarczy\u0144ski Zbigniew<\/p>\n\n\n\n<p>Szachy<\/p>\n\n\n\n<p>I m. &#8211; Jurkiewicz Krzysztof<\/p>\n\n\n\n<p>II m. &#8211; Uzia\u0142ko Marek<\/p>\n\n\n\n<p>III m. &#8211; Hebel Adam<\/p>\n\n\n\n<p>Zwyci\u0119zcy otrzymali Puchary ufundowane przez Pani\u0105 Dyrektor PCPR w Wejherowie.<\/p>\n\n\n\n<p>Organizatorem zawod\u00f3w by\u0142o Integracyjne Stowarzyszenie Sportowe \u201eSTART\u201d w Wejherowie.<\/p>\n","protected":false},"excerpt":{"rendered":"<p>Zawody Sportowe Os\u00f3b Niepe\u0142nosprawnych w Tenisie Sto\u0142owym i w Szachach W dniach 12-14 09.2020 r. w O\u015brodku Wypoczynkowym \u201eDIUNA\u201d w Jastrz\u0119biej G\u00f3rze odby\u0142y si\u0119 zawody sportowe Os\u00f3b Niepe\u0142nosprawnych w Tenisie Sto\u0142owym i w Szachach o Puchar Pani Dyrektor Powiatowego Centrum Pomocy Rodzinie w Wejherowie. Wyniki ko\u0144cowe: Tenis Sto\u0142owy I m. &#8211; Goike \u0141ukasz II m. [&hellip;]<\/p>\n","protected":false},"author":2,"featured_media":0,"comment_status":"open","ping_status":"open","sticky":false,"template":"","format":"standard","meta":{"ngg_post_thumbnail":0},"categories":[1],"tags":[],"_links":{"self":[{"href":"http:\/\/startwejherowo.pl\/index.php?rest_route=\/wp\/v2\/posts\/1198"}],"collection":[{"href":"http:\/\/startwejherowo.pl\/index.php?rest_route=\/wp\/v2\/posts"}],"about":[{"href":"http:\/\/startwejherowo.pl\/index.php?rest_route=\/wp\/v2\/types\/post"}],"author":[{"embeddable":true,"href":"http:\/\/startwejherowo.pl\/index.php?rest_route=\/wp\/v2\/users\/2"}],"replies":[{"embeddable":true,"href":"http:\/\/startwejherowo.pl\/index.php?rest_route=%2Fwp%2Fv2%2Fcomments&post=1198"}],"version-history":[{"count":3,"href":"http:\/\/startwejherowo.pl\/index.php?rest_route=\/wp\/v2\/posts\/1198\/revisions"}],"predecessor-version":[{"id":1202,"href":"http:\/\/startwejherowo.pl\/index.php?rest_route=\/wp\/v2\/posts\/1198\/revisions\/1202"}],"wp:attachment":[{"href":"http:\/\/startwejherowo.pl\/index.php?rest_route=%2Fwp%2Fv2%2Fmedia&parent=1198"}],"wp:term":[{"taxonomy":"category","embeddable":true,"href":"http:\/\/startwejherowo.pl\/index.php?rest_route=%2Fwp%2Fv2%2Fcategories&post=1198"},{"taxonomy":"post_tag","embeddable":true,"href":"http:\/\/startwejherowo.pl\/index.php?rest_route=%2Fwp%2Fv2%2Ftags&post=1198"}],"curies":[{"name":"wp","href":"https:\/\/api.w.org\/{rel}","templated":true}]}}