{"id":1203,"date":"2020-12-04T19:22:06","date_gmt":"2020-12-04T19:22:06","guid":{"rendered":"http:\/\/startwejherowo.pl\/?p=1203"},"modified":"2020-12-04T19:22:06","modified_gmt":"2020-12-04T19:22:06","slug":"ogolnopolski-turniej-niepelnosprawnych-w-tenisie-stolowym-ostrow-mausz","status":"publish","type":"post","link":"http:\/\/startwejherowo.pl\/?p=1203","title":{"rendered":"Og\u00f3lnopolski Turniej Niepe\u0142nosprawnych w Tenisie Sto\u0142owym Ostr\u00f3w &#8211; Mausz"},"content":{"rendered":"\n<p><strong>Og\u00f3lnopolski Turniej Niepe\u0142nosprawnych w Tenisie Sto\u0142owym Ostr\u00f3w &#8211; Mausz<\/strong><\/p>\n\n\n\n<p>W dn. 02-04.X.2020 r. w O\u015brodku Rehabilitacyjno- Sportowym w Ostr\u00f3w Mausz odby\u0142 si\u0119 Og\u00f3lnopolski Turniej Tenisa Sto\u0142owego Niepe\u0142nosprawnych w Tenisie Sto\u0142owym w kt\u00f3rym wzi\u0119\u0142a udzia\u0142 reprezentacja naszego Stowarzyszenia ISS \u201eSTART\u201d Wejherowo.<\/p>\n\n\n\n<p>W zawodach w swoich kategoriach sportowych nasi zawodnicy zaj\u0119li w gr. 6-8<\/p>\n\n\n\n<p>I m. &#8211; Zbigniew Skwarczy\u0144ski<\/p>\n\n\n\n<p>natomiast w gr. 9-10 zwyci\u0119\u017cy\u0142 Benedykt M\u0105kosa \u2013START Radom<\/p>\n\n\n\n<p>a kolejne miejsca to:<\/p>\n\n\n\n<p>II m. &#8211; Zdzis\u0142aw Mikuta<\/p>\n\n\n\n<p>III.m. &#8211; Adam Andrzejewski<\/p>\n\n\n\n<p>IV m. &#8211; \u0141ukasz Goike<\/p>\n\n\n\n<p>Trenerem sekcji tenisa sto\u0142owego jest Pani Ma\u0142gorzata Mika.<\/p>\n\n\n\n<p>Organizatorem zawod\u00f3w by\u0142o Stowarzyszenie\u2019\u2019 Szansa \u2013 Start \u2018\u2019 Gda\u0144sk<\/p>\n","protected":false},"excerpt":{"rendered":"<p>Og\u00f3lnopolski Turniej Niepe\u0142nosprawnych w Tenisie Sto\u0142owym Ostr\u00f3w &#8211; Mausz W dn. 02-04.X.2020 r. w O\u015brodku Rehabilitacyjno- Sportowym w Ostr\u00f3w Mausz odby\u0142 si\u0119 Og\u00f3lnopolski Turniej Tenisa Sto\u0142owego Niepe\u0142nosprawnych w Tenisie Sto\u0142owym w kt\u00f3rym wzi\u0119\u0142a udzia\u0142 reprezentacja naszego Stowarzyszenia ISS \u201eSTART\u201d Wejherowo. W zawodach w swoich kategoriach sportowych nasi zawodnicy zaj\u0119li w gr. 6-8 I m. &#8211; [&hellip;]<\/p>\n","protected":false},"author":2,"featured_media":0,"comment_status":"open","ping_status":"open","sticky":false,"template":"","format":"standard","meta":{"ngg_post_thumbnail":0},"categories":[1],"tags":[],"_links":{"self":[{"href":"http:\/\/startwejherowo.pl\/index.php?rest_route=\/wp\/v2\/posts\/1203"}],"collection":[{"href":"http:\/\/startwejherowo.pl\/index.php?rest_route=\/wp\/v2\/posts"}],"about":[{"href":"http:\/\/startwejherowo.pl\/index.php?rest_route=\/wp\/v2\/types\/post"}],"author":[{"embeddable":true,"href":"http:\/\/startwejherowo.pl\/index.php?rest_route=\/wp\/v2\/users\/2"}],"replies":[{"embeddable":true,"href":"http:\/\/startwejherowo.pl\/index.php?rest_route=%2Fwp%2Fv2%2Fcomments&post=1203"}],"version-history":[{"count":1,"href":"http:\/\/startwejherowo.pl\/index.php?rest_route=\/wp\/v2\/posts\/1203\/revisions"}],"predecessor-version":[{"id":1204,"href":"http:\/\/startwejherowo.pl\/index.php?rest_route=\/wp\/v2\/posts\/1203\/revisions\/1204"}],"wp:attachment":[{"href":"http:\/\/startwejherowo.pl\/index.php?rest_route=%2Fwp%2Fv2%2Fmedia&parent=1203"}],"wp:term":[{"taxonomy":"category","embeddable":true,"href":"http:\/\/startwejherowo.pl\/index.php?rest_route=%2Fwp%2Fv2%2Fcategories&post=1203"},{"taxonomy":"post_tag","embeddable":true,"href":"http:\/\/startwejherowo.pl\/index.php?rest_route=%2Fwp%2Fv2%2Ftags&post=1203"}],"curies":[{"name":"wp","href":"https:\/\/api.w.org\/{rel}","templated":true}]}}