{"id":1206,"date":"2020-12-05T09:19:14","date_gmt":"2020-12-05T09:19:14","guid":{"rendered":"http:\/\/startwejherowo.pl\/?p=1206"},"modified":"2020-12-05T09:19:14","modified_gmt":"2020-12-05T09:19:14","slug":"druzynowe-mistrzostwa-polski-niepelnosprawnych-w-tenisie-stolowym-wisla","status":"publish","type":"post","link":"http:\/\/startwejherowo.pl\/?p=1206","title":{"rendered":"Dru\u017cynowe Mistrzostwa Polski Niepe\u0142nosprawnych                             w Tenisie Sto\u0142owym \u2013 Wis\u0142a"},"content":{"rendered":"\n<p><strong>Dru\u017cynowe Mistrzostwa Polski Niepe\u0142nosprawnych &nbsp; &nbsp; &nbsp; &nbsp; &nbsp; &nbsp; &nbsp; &nbsp; &nbsp; &nbsp; &nbsp; &nbsp; &nbsp; &nbsp; w Tenisie Sto\u0142owym \u2013 Wis\u0142a<\/strong><\/p>\n\n\n\n<p>&nbsp; W dn. 10-11.X.2020 r. w Wi\u015ble odby\u0142y si\u0119 Dru\u017cynowe Mistrzostwa Polski Niepe\u0142nosprawnych w Tenisie Sto\u0142owym.<\/p>\n\n\n\n<p>W Mistrzostwach wzi\u0119\u0142a udzia\u0142 reprezentacja naszego Stowarzyszenia w sk\u0142adzie:<\/p>\n\n\n\n<p>Dariusz Artymiak i Zbigniew Skwarczy\u0144ski w grupie 8 eliminacyjnej jak i w grupie 9&nbsp; &nbsp; &nbsp; &nbsp; &nbsp; Adam Andrzejewski i Zdzis\u0142aw Mikuta&nbsp; zaj\u0119li IV miejsca .<\/p>\n\n\n\n<p>Organizatorem Mistrzostw by\u0142 Polski Zwi\u0105zek Tenisa Sto\u0142owego w Warszawie.<\/p>\n","protected":false},"excerpt":{"rendered":"<p>Dru\u017cynowe Mistrzostwa Polski Niepe\u0142nosprawnych &nbsp; &nbsp; &nbsp; &nbsp; &nbsp; &nbsp; &nbsp; &nbsp; &nbsp; &nbsp; &nbsp; &nbsp; &nbsp; &nbsp; w Tenisie Sto\u0142owym \u2013 Wis\u0142a &nbsp; W dn. 10-11.X.2020 r. w Wi\u015ble odby\u0142y si\u0119 Dru\u017cynowe Mistrzostwa Polski Niepe\u0142nosprawnych w Tenisie Sto\u0142owym. W Mistrzostwach wzi\u0119\u0142a udzia\u0142 reprezentacja naszego Stowarzyszenia w sk\u0142adzie: Dariusz Artymiak i Zbigniew Skwarczy\u0144ski w grupie [&hellip;]<\/p>\n","protected":false},"author":2,"featured_media":0,"comment_status":"open","ping_status":"open","sticky":false,"template":"","format":"standard","meta":{"ngg_post_thumbnail":0},"categories":[7],"tags":[],"_links":{"self":[{"href":"http:\/\/startwejherowo.pl\/index.php?rest_route=\/wp\/v2\/posts\/1206"}],"collection":[{"href":"http:\/\/startwejherowo.pl\/index.php?rest_route=\/wp\/v2\/posts"}],"about":[{"href":"http:\/\/startwejherowo.pl\/index.php?rest_route=\/wp\/v2\/types\/post"}],"author":[{"embeddable":true,"href":"http:\/\/startwejherowo.pl\/index.php?rest_route=\/wp\/v2\/users\/2"}],"replies":[{"embeddable":true,"href":"http:\/\/startwejherowo.pl\/index.php?rest_route=%2Fwp%2Fv2%2Fcomments&post=1206"}],"version-history":[{"count":1,"href":"http:\/\/startwejherowo.pl\/index.php?rest_route=\/wp\/v2\/posts\/1206\/revisions"}],"predecessor-version":[{"id":1207,"href":"http:\/\/startwejherowo.pl\/index.php?rest_route=\/wp\/v2\/posts\/1206\/revisions\/1207"}],"wp:attachment":[{"href":"http:\/\/startwejherowo.pl\/index.php?rest_route=%2Fwp%2Fv2%2Fmedia&parent=1206"}],"wp:term":[{"taxonomy":"category","embeddable":true,"href":"http:\/\/startwejherowo.pl\/index.php?rest_route=%2Fwp%2Fv2%2Fcategories&post=1206"},{"taxonomy":"post_tag","embeddable":true,"href":"http:\/\/startwejherowo.pl\/index.php?rest_route=%2Fwp%2Fv2%2Ftags&post=1206"}],"curies":[{"name":"wp","href":"https:\/\/api.w.org\/{rel}","templated":true}]}}