{"id":1210,"date":"2020-12-05T09:29:14","date_gmt":"2020-12-05T09:29:14","guid":{"rendered":"http:\/\/startwejherowo.pl\/?p=1210"},"modified":"2020-12-05T09:56:18","modified_gmt":"2020-12-05T09:56:18","slug":"mistrzostwa-polski-w-szachach-osob-niepelnosprawnych-gorzow-wielkopolski","status":"publish","type":"post","link":"http:\/\/startwejherowo.pl\/?p=1210","title":{"rendered":"Mistrzostwa Polski w Szachach Os\u00f3b Niepe\u0142nosprawnych \u2013 Gorz\u00f3w Wielkopolski"},"content":{"rendered":"\n<div class=\"wp-block-image\"><figure class=\"aligncenter size-large is-resized\"><a href=\"http:\/\/galeria.startwejherowo.pl\/index.php?\/category\/45\"><img loading=\"lazy\" src=\"http:\/\/startwejherowo.pl\/wp-content\/uploads\/2020\/12\/IMG_5375-1024x682.jpg\" alt=\"\" class=\"wp-image-1211\" width=\"560\" height=\"373\" srcset=\"http:\/\/startwejherowo.pl\/wp-content\/uploads\/2020\/12\/IMG_5375-1024x682.jpg 1024w, http:\/\/startwejherowo.pl\/wp-content\/uploads\/2020\/12\/IMG_5375-300x200.jpg 300w, http:\/\/startwejherowo.pl\/wp-content\/uploads\/2020\/12\/IMG_5375-768x511.jpg 768w, http:\/\/startwejherowo.pl\/wp-content\/uploads\/2020\/12\/IMG_5375-1536x1022.jpg 1536w, http:\/\/startwejherowo.pl\/wp-content\/uploads\/2020\/12\/IMG_5375.jpg 1920w\" sizes=\"(max-width: 560px) 100vw, 560px\" \/><\/a><\/figure><\/div>\n\n\n\n<p><strong>Mistrzostwa Polski w Szachach Os\u00f3b Niepe\u0142nosprawnych \u2013 Gorz\u00f3w Wielkopolski<\/strong><\/p>\n\n\n\n<p>&nbsp; W dniach 20-22.XI.2020 r. w Gorzowie Wielkopolskim odby\u0142y si\u0119 Mistrzostwa Polski Os\u00f3b Niepe\u0142nosprawnych w Szachach Szybkich i B\u0142yskawicznych.<\/p>\n\n\n\n<p>Wyniki ko\u0144cowe:<\/p>\n\n\n\n<p><strong>A.<\/strong>&nbsp; <strong>Szachy szybkie \u2013 indywidualnie<\/strong><\/p>\n\n\n\n<p>&nbsp; &nbsp; &nbsp; &nbsp; I m. \u2013 Jaros\u0142aw Mierzy\u0144ski&nbsp; &#8211; UKS&nbsp; Szach Wolsztyn<\/p>\n\n\n\n<p>&nbsp;&nbsp; &nbsp; &nbsp; II m. &#8211;&nbsp; Krzysztof Jurkiewicz&nbsp; &#8211; START Wejherowo<\/p>\n\n\n\n<p>&nbsp; &nbsp; &nbsp; III m. &#8211;&nbsp; Eugeniusz Ma\u0142ecki&nbsp; &#8211;&nbsp; UKS&nbsp; Szach Wolsztyn<\/p>\n\n\n\n<p><strong>&nbsp; &nbsp; &nbsp; &nbsp; &nbsp; &nbsp; &nbsp; &nbsp; &nbsp; &nbsp; &nbsp; &nbsp; &nbsp; &nbsp; &nbsp; &nbsp; &nbsp; &nbsp; Dru\u017cynowo<\/strong><\/p>\n\n\n\n<p>&nbsp;&nbsp; &nbsp; &nbsp; I m. &#8211;&nbsp; GZSN&nbsp; START Gorz\u00f3w Wlkp.<\/p>\n\n\n\n<p>&nbsp; &nbsp; &nbsp; II m. &#8211;&nbsp; UKS SZACH Wolsztyn<\/p>\n\n\n\n<p>&nbsp;&nbsp; &nbsp; III m. &#8211;&nbsp; ISS START Wejherowo<\/p>\n\n\n\n<p><strong>B<\/strong>.&nbsp; <strong>Szachy B\u0142yskawiczne \u2013 indywidualnie<\/strong><\/p>\n\n\n\n<p>&nbsp; &nbsp; &nbsp; I m. &#8211;&nbsp; Eugeniusz Ma\u0142ecki \u2013 UKS SZACH Wolsztyn<\/p>\n\n\n\n<p>&nbsp;&nbsp; &nbsp; II m. &#8211;&nbsp; Krzysztof Jurkiewicz \u2013 ISS START Wejherowo<\/p>\n\n\n\n<p>&nbsp; &nbsp; III m. &#8211;&nbsp; Zygmunt Bo\u0142a \u2013 GZSN START Gorz\u00f3w Wlkp.<\/p>\n\n\n\n<p><strong>&nbsp; &nbsp; &nbsp; &nbsp; &nbsp; &nbsp; &nbsp; &nbsp; &nbsp; &nbsp; &nbsp; &nbsp; &nbsp; &nbsp; &nbsp; &nbsp; &nbsp; &nbsp; Dru\u017cynowo<\/strong><\/p>\n\n\n\n<p>&nbsp; &nbsp; &nbsp; I m. &#8211;&nbsp; GZSN START Gorz\u00f3w Wlkp.<\/p>\n\n\n\n<p>&nbsp;&nbsp; &nbsp; II m. &#8211;&nbsp; UKS SZACH Wolsztyn<\/p>\n\n\n\n<p>&nbsp; &nbsp; III m. &#8211;&nbsp; ISS START Wejherowo<\/p>\n\n\n\n<p>Organizatorem Mistrzostw Polski by\u0142 Polski Zwi\u0105zek Sportu Niepe\u0142nosprawnych START Warszawa oraz Gorzowski Zwi\u0105zek Sportu Niepe\u0142nosprawnych START w Gorzowie Wielkopolskim.<\/p>\n","protected":false},"excerpt":{"rendered":"<p>Mistrzostwa Polski w Szachach Os\u00f3b Niepe\u0142nosprawnych \u2013 Gorz\u00f3w Wielkopolski &nbsp; W dniach 20-22.XI.2020 r. w Gorzowie Wielkopolskim odby\u0142y si\u0119 Mistrzostwa Polski Os\u00f3b Niepe\u0142nosprawnych w Szachach Szybkich i B\u0142yskawicznych. Wyniki ko\u0144cowe: A.&nbsp; Szachy szybkie \u2013 indywidualnie &nbsp; &nbsp; &nbsp; &nbsp; I m. \u2013 Jaros\u0142aw Mierzy\u0144ski&nbsp; &#8211; UKS&nbsp; Szach Wolsztyn &nbsp;&nbsp; &nbsp; &nbsp; II m. &#8211;&nbsp; Krzysztof [&hellip;]<\/p>\n","protected":false},"author":2,"featured_media":0,"comment_status":"open","ping_status":"open","sticky":false,"template":"","format":"standard","meta":{"ngg_post_thumbnail":0},"categories":[1],"tags":[],"_links":{"self":[{"href":"http:\/\/startwejherowo.pl\/index.php?rest_route=\/wp\/v2\/posts\/1210"}],"collection":[{"href":"http:\/\/startwejherowo.pl\/index.php?rest_route=\/wp\/v2\/posts"}],"about":[{"href":"http:\/\/startwejherowo.pl\/index.php?rest_route=\/wp\/v2\/types\/post"}],"author":[{"embeddable":true,"href":"http:\/\/startwejherowo.pl\/index.php?rest_route=\/wp\/v2\/users\/2"}],"replies":[{"embeddable":true,"href":"http:\/\/startwejherowo.pl\/index.php?rest_route=%2Fwp%2Fv2%2Fcomments&post=1210"}],"version-history":[{"count":6,"href":"http:\/\/startwejherowo.pl\/index.php?rest_route=\/wp\/v2\/posts\/1210\/revisions"}],"predecessor-version":[{"id":1218,"href":"http:\/\/startwejherowo.pl\/index.php?rest_route=\/wp\/v2\/posts\/1210\/revisions\/1218"}],"wp:attachment":[{"href":"http:\/\/startwejherowo.pl\/index.php?rest_route=%2Fwp%2Fv2%2Fmedia&parent=1210"}],"wp:term":[{"taxonomy":"category","embeddable":true,"href":"http:\/\/startwejherowo.pl\/index.php?rest_route=%2Fwp%2Fv2%2Fcategories&post=1210"},{"taxonomy":"post_tag","embeddable":true,"href":"http:\/\/startwejherowo.pl\/index.php?rest_route=%2Fwp%2Fv2%2Ftags&post=1210"}],"curies":[{"name":"wp","href":"https:\/\/api.w.org\/{rel}","templated":true}]}}