{"id":1275,"date":"2021-09-25T07:16:14","date_gmt":"2021-09-25T07:16:14","guid":{"rendered":"http:\/\/startwejherowo.pl\/?p=1275"},"modified":"2021-09-25T07:16:49","modified_gmt":"2021-09-25T07:16:49","slug":"zawody-sportowe-osob-niepelnosprawnych-w-jastrzebiej-gorze","status":"publish","type":"post","link":"http:\/\/startwejherowo.pl\/?p=1275","title":{"rendered":"Zawody Sportowe Os\u00f3b Niepe\u0142nosprawnych w Jastrz\u0119biej G\u00f3rze"},"content":{"rendered":"\n<p class=\"has-large-font-size\"><strong>10.09 -12.09.2021 r.<\/strong><\/p>\n\n\n\n<p><strong>&nbsp; &nbsp; &nbsp; &nbsp; &nbsp; &nbsp; &nbsp; &nbsp; &nbsp; &nbsp; &nbsp; &nbsp; &nbsp; &nbsp; <\/strong><\/p>\n\n\n\n<figure class=\"wp-block-image size-large is-resized\"><a href=\"http:\/\/galeria.startwejherowo.pl\/index.php?\/category\/50\"><img loading=\"lazy\" src=\"http:\/\/startwejherowo.pl\/wp-content\/uploads\/2021\/09\/IMG_0559.jpg\" alt=\"\" class=\"wp-image-1276\" width=\"520\" height=\"292\" srcset=\"http:\/\/startwejherowo.pl\/wp-content\/uploads\/2021\/09\/IMG_0559.jpg 841w, http:\/\/startwejherowo.pl\/wp-content\/uploads\/2021\/09\/IMG_0559-300x169.jpg 300w, http:\/\/startwejherowo.pl\/wp-content\/uploads\/2021\/09\/IMG_0559-768x432.jpg 768w\" sizes=\"(max-width: 520px) 100vw, 520px\" \/><\/a><\/figure>\n\n\n\n<p>W dniach 10.09-12.09.2021 r. w O\u015brodku Wypoczynkowym \u201eDIUNA\u201d w Jastrz\u0119biej G\u00f3rze odby\u0142y si\u0119 Zawody Sportowe Os\u00f3b Niepe\u0142nosprawnych w Tenisie Sto\u0142owym oraz w Szachach pod patronatem i o puchar Pani Dyrektor Powiatowego Centrum Pomocy Rodzinie w Wejherowie.<\/p>\n\n\n\n<p>Zawody cieszy\u0142y si\u0119 du\u017cym zainteresowaniem os\u00f3b niepe\u0142nosprawnych i przebiega\u0142y w mi\u0142ej sportowej atmosferze zako\u0144czone grillem.<\/p>\n\n\n\n<p>Wyniki ko\u0144cowe:<\/p>\n\n\n\n<p><strong>Tenis sto\u0142owy<\/strong><\/p>\n\n\n\n<p>&#8211;&nbsp; &nbsp; I m. &nbsp; &#8211; &nbsp; Mikuta Zdzis\u0142aw<\/p>\n\n\n\n<p>&#8211; &nbsp; II m. &nbsp; &#8211; &nbsp; Andrzejewski Adam<\/p>\n\n\n\n<p>&#8211;&nbsp; III m. &nbsp; &#8211; &nbsp; Goike \u0141kasz<\/p>\n\n\n\n<p><strong>Szachy<\/strong><\/p>\n\n\n\n<p>&#8211;&nbsp; &nbsp; I m. &nbsp; &#8211; &nbsp; Kuma Bogus\u0142aw<\/p>\n\n\n\n<p>&#8211; &nbsp; II m. &nbsp; &#8211; &nbsp; Uzia\u0142ko Marek<\/p>\n\n\n\n<p>&#8211;&nbsp; III m. &nbsp; \u2013 &nbsp; Hebel Adam<\/p>\n\n\n\n<p>Zwyci\u0119zcy otrzymali puchary ufundowane przez Pani\u0105 Dyrektor PCPR w Wejherowie ( PFRON),&nbsp; kt\u00f3re by\u0142o wspieraj\u0105cym finansowo organizacj\u0119 zawod\u00f3w.<\/p>\n\n\n\n<p>G\u0142\u00f3wnym organizatorem zawod\u00f3w by\u0142 ISS \u201eSTART\u201d w Wejherowie<\/p>\n\n\n\n<p>P.S.<\/p>\n\n\n\n<p>Ponadto informujemy, \u017ce Stowarzyszenie \u201eSTART\u201d Wejherowo og\u0142asza nab\u00f3r os\u00f3b niepe\u0142nosprawnych ze schorzeniami narz\u0105du ruchu do sekcji tenisa sto\u0142owego, bocci i szach\u00f3w.<\/p>\n\n\n\n<p>Informacje mo\u017cna uzyska pod telefonem 607328262.<\/p>\n\n\n\n<p>&nbsp;&nbsp; &nbsp; Zapraszamy &nbsp;<\/p>\n","protected":false},"excerpt":{"rendered":"<p>10.09 -12.09.2021 r. &nbsp; &nbsp; &nbsp; &nbsp; &nbsp; &nbsp; &nbsp; &nbsp; &nbsp; &nbsp; &nbsp; &nbsp; &nbsp; &nbsp; W dniach 10.09-12.09.2021 r. w O\u015brodku Wypoczynkowym \u201eDIUNA\u201d w Jastrz\u0119biej G\u00f3rze odby\u0142y si\u0119 Zawody Sportowe Os\u00f3b Niepe\u0142nosprawnych w Tenisie Sto\u0142owym oraz w Szachach pod patronatem i o puchar Pani Dyrektor Powiatowego Centrum Pomocy Rodzinie w Wejherowie. Zawody cieszy\u0142y [&hellip;]<\/p>\n","protected":false},"author":2,"featured_media":0,"comment_status":"open","ping_status":"open","sticky":false,"template":"","format":"standard","meta":{"ngg_post_thumbnail":0},"categories":[4],"tags":[],"_links":{"self":[{"href":"http:\/\/startwejherowo.pl\/index.php?rest_route=\/wp\/v2\/posts\/1275"}],"collection":[{"href":"http:\/\/startwejherowo.pl\/index.php?rest_route=\/wp\/v2\/posts"}],"about":[{"href":"http:\/\/startwejherowo.pl\/index.php?rest_route=\/wp\/v2\/types\/post"}],"author":[{"embeddable":true,"href":"http:\/\/startwejherowo.pl\/index.php?rest_route=\/wp\/v2\/users\/2"}],"replies":[{"embeddable":true,"href":"http:\/\/startwejherowo.pl\/index.php?rest_route=%2Fwp%2Fv2%2Fcomments&post=1275"}],"version-history":[{"count":2,"href":"http:\/\/startwejherowo.pl\/index.php?rest_route=\/wp\/v2\/posts\/1275\/revisions"}],"predecessor-version":[{"id":1278,"href":"http:\/\/startwejherowo.pl\/index.php?rest_route=\/wp\/v2\/posts\/1275\/revisions\/1278"}],"wp:attachment":[{"href":"http:\/\/startwejherowo.pl\/index.php?rest_route=%2Fwp%2Fv2%2Fmedia&parent=1275"}],"wp:term":[{"taxonomy":"category","embeddable":true,"href":"http:\/\/startwejherowo.pl\/index.php?rest_route=%2Fwp%2Fv2%2Fcategories&post=1275"},{"taxonomy":"post_tag","embeddable":true,"href":"http:\/\/startwejherowo.pl\/index.php?rest_route=%2Fwp%2Fv2%2Ftags&post=1275"}],"curies":[{"name":"wp","href":"https:\/\/api.w.org\/{rel}","templated":true}]}}