{"id":1288,"date":"2021-12-02T20:32:10","date_gmt":"2021-12-02T20:32:10","guid":{"rendered":"http:\/\/startwejherowo.pl\/?p=1288"},"modified":"2021-12-02T20:32:45","modified_gmt":"2021-12-02T20:32:45","slug":"otwarte-mistrzostwa-powiatu-wejherowskiego-o-puchar-starosty-w-boccia","status":"publish","type":"post","link":"http:\/\/startwejherowo.pl\/?p=1288","title":{"rendered":"Otwarte Mistrzostwa Powiatu Wejherowskiego o Puchar Starosty w Boccia"},"content":{"rendered":"\n<figure class=\"wp-block-image size-large is-resized\"><a href=\"http:\/\/galeria.startwejherowo.pl\/index.php?\/category\/52\"><img loading=\"lazy\" src=\"http:\/\/startwejherowo.pl\/wp-content\/uploads\/2021\/12\/7-1024x768.jpg\" alt=\"\" class=\"wp-image-1289\" width=\"533\" height=\"400\" srcset=\"http:\/\/startwejherowo.pl\/wp-content\/uploads\/2021\/12\/7-1024x768.jpg 1024w, http:\/\/startwejherowo.pl\/wp-content\/uploads\/2021\/12\/7-300x225.jpg 300w, http:\/\/startwejherowo.pl\/wp-content\/uploads\/2021\/12\/7-768x576.jpg 768w, http:\/\/startwejherowo.pl\/wp-content\/uploads\/2021\/12\/7.jpg 1366w\" sizes=\"(max-width: 533px) 100vw, 533px\" \/><\/a><\/figure>\n\n\n\n<p>W dniu 21 listopada 2021 r. odby\u0142y si\u0119 Otwarte Mistrzostwa Powiatu Wejherowskiego o Puchar Starosty&nbsp; w Boccia.<\/p>\n\n\n\n<p>Turniej rozegrano w hali sportowej Szko\u0142y Podstawowej nr 5 w Wejherowie ul. Gda\u0144ska 30.<\/p>\n\n\n\n<p>W imieniu organizator\u00f3w uroczystego otwarcia dokona\u0142 Prezes ISS \u201eSTART\u201d kol. Krzysztof Ruchalski.<\/p>\n\n\n\n<p>W zawodach uczestniczyli V-ce Prezes Polskiego Zwi\u0105zku Sportu Niepe\u0142nosprawnych \u201eSTART\u201d w Warszawie Pan Eugeniusz Grabowski oraz Prezes Zrzeszenia Handlu i Us\u0142ug w Wejherowie Pan Ryszard Kliczykowski , kt\u00f3rzy bardzo wysoko ocenili organizacj\u0119 imprezy. &nbsp;<\/p>\n\n\n\n<p>Zawody rozegrano w 4 kategoriach: gr. A &#8211;&nbsp; Niepe\u0142nosprawni, gr. B &#8211; \u201eparaolimpijczycy\u201d,&nbsp;<\/p>\n\n\n\n<p>gr. C \u2013 zdrowi i gr. D \u2013 \u201eopen\u201d<\/p>\n\n\n\n<p>Wyniki ko\u0144cowe Mistrzostw:<\/p>\n\n\n\n<p><strong>1\/ Indywidualnie \/ niepe\u0142nosprawni\/ &nbsp;<\/strong><\/p>\n\n\n\n<p>&nbsp; &nbsp; &nbsp; &nbsp; I m. &#8211;&nbsp; Gabriela Andrzejewska<\/p>\n\n\n\n<p>&nbsp;&nbsp; &nbsp; &nbsp; II m. &#8211;&nbsp; Henryk Ptach<\/p>\n\n\n\n<p>&nbsp; &nbsp; &nbsp; III m. &#8211;&nbsp; Andrzej Puchowski<\/p>\n\n\n\n<p><strong>2\/ Indywidualnie \/ gr. \u201eparaolimpijska\u201d\/<\/strong><\/p>\n\n\n\n<p>&nbsp; &nbsp; &nbsp; &nbsp; I m. &#8211;&nbsp; Anna Konik<\/p>\n\n\n\n<p>&nbsp;&nbsp; &nbsp; &nbsp; II m. &#8211;&nbsp; Marta Dadasiewicz<\/p>\n\n\n\n<p>&nbsp; &nbsp; &nbsp; III m. &#8211;&nbsp; Mateusz Dobrza\u0144ski<\/p>\n\n\n\n<p><strong>3\/ Indywidualnie \/gr. zdrowi\/<\/strong><\/p>\n\n\n\n<p>&nbsp; &nbsp; &nbsp; &nbsp; I m. &#8211;&nbsp; Andrzej Bia\u0142as<\/p>\n\n\n\n<p>&nbsp;&nbsp; &nbsp; &nbsp; II m. &#8211;&nbsp; Krystian Angel<\/p>\n\n\n\n<p>&nbsp; &nbsp; &nbsp; III m. &#8211;&nbsp; Anna \u017byluk \u017bu\u0142kowska<\/p>\n\n\n\n<p><strong>4\/ Indywidualnie \/ niepe\u0142nosprawni oraz zdrowi \u201eopen\u201d&nbsp; \/<\/strong><\/p>\n\n\n\n<p>&nbsp; &nbsp; &nbsp; &nbsp; I m. &#8211;&nbsp; Adam Andrzejewski<\/p>\n\n\n\n<p>&nbsp;&nbsp; &nbsp; &nbsp; II m. &#8211;&nbsp; Helena Szpunar<\/p>\n\n\n\n<p>&nbsp; &nbsp; &nbsp; III m. &#8211;&nbsp; Gabriela Andrzejewska&nbsp; &nbsp;<\/p>\n\n\n\n<p>Zawody bardzo sprawnie przeprowadzi\u0142a Komisja S\u0119dziowska: Ma\u0142gorzata Mika i Waldemar Konik przy wsp\u00f3\u0142pracy z s\u0119dziami licz\u0105cymi Maria Wolska-Gieryk i J\u00f3zef&nbsp; Motowid\u0142o.&nbsp;<\/p>\n\n\n\n<p>Zwyci\u0119zcy poszczeg\u00f3lnych&nbsp; kategorii otrzymali puchary, nagrody rzeczowe oraz wszyscy uczestnicy mistrzostw pami\u0105tkowe okoliczno\u015bciowe gad\u017cety \u2013 plakietki mistrzostw ufundowane przez Starost\u0119 Powiatu Wejherowskiego Pani\u0105 Gabriel\u0119 Lisius.<\/p>\n\n\n\n<p>Organizatorem zawod\u00f3w by\u0142o \u2013 Integracyjne Stowarzyszenie Sportowe \u201eSTART\u201d Wejherowo w ramach zawartej umowy w tym zakresie z Zarz\u0105dem Powiatu Wejherowskiego<\/p>\n","protected":false},"excerpt":{"rendered":"<p>W dniu 21 listopada 2021 r. odby\u0142y si\u0119 Otwarte Mistrzostwa Powiatu Wejherowskiego o Puchar Starosty&nbsp; w Boccia. Turniej rozegrano w hali sportowej Szko\u0142y Podstawowej nr 5 w Wejherowie ul. Gda\u0144ska 30. W imieniu organizator\u00f3w uroczystego otwarcia dokona\u0142 Prezes ISS \u201eSTART\u201d kol. Krzysztof Ruchalski. W zawodach uczestniczyli V-ce Prezes Polskiego Zwi\u0105zku Sportu Niepe\u0142nosprawnych \u201eSTART\u201d w Warszawie [&hellip;]<\/p>\n","protected":false},"author":2,"featured_media":0,"comment_status":"open","ping_status":"open","sticky":false,"template":"","format":"standard","meta":{"ngg_post_thumbnail":0},"categories":[1],"tags":[],"_links":{"self":[{"href":"http:\/\/startwejherowo.pl\/index.php?rest_route=\/wp\/v2\/posts\/1288"}],"collection":[{"href":"http:\/\/startwejherowo.pl\/index.php?rest_route=\/wp\/v2\/posts"}],"about":[{"href":"http:\/\/startwejherowo.pl\/index.php?rest_route=\/wp\/v2\/types\/post"}],"author":[{"embeddable":true,"href":"http:\/\/startwejherowo.pl\/index.php?rest_route=\/wp\/v2\/users\/2"}],"replies":[{"embeddable":true,"href":"http:\/\/startwejherowo.pl\/index.php?rest_route=%2Fwp%2Fv2%2Fcomments&post=1288"}],"version-history":[{"count":2,"href":"http:\/\/startwejherowo.pl\/index.php?rest_route=\/wp\/v2\/posts\/1288\/revisions"}],"predecessor-version":[{"id":1291,"href":"http:\/\/startwejherowo.pl\/index.php?rest_route=\/wp\/v2\/posts\/1288\/revisions\/1291"}],"wp:attachment":[{"href":"http:\/\/startwejherowo.pl\/index.php?rest_route=%2Fwp%2Fv2%2Fmedia&parent=1288"}],"wp:term":[{"taxonomy":"category","embeddable":true,"href":"http:\/\/startwejherowo.pl\/index.php?rest_route=%2Fwp%2Fv2%2Fcategories&post=1288"},{"taxonomy":"post_tag","embeddable":true,"href":"http:\/\/startwejherowo.pl\/index.php?rest_route=%2Fwp%2Fv2%2Ftags&post=1288"}],"curies":[{"name":"wp","href":"https:\/\/api.w.org\/{rel}","templated":true}]}}