{"id":1336,"date":"2022-07-13T07:27:11","date_gmt":"2022-07-13T07:27:11","guid":{"rendered":"http:\/\/startwejherowo.pl\/?p=1336"},"modified":"2022-07-13T07:27:11","modified_gmt":"2022-07-13T07:27:11","slug":"xxi-edycja-alei-gwiazd-sportu","status":"publish","type":"post","link":"http:\/\/startwejherowo.pl\/?p=1336","title":{"rendered":"XXI edycja Alei Gwiazd Sportu"},"content":{"rendered":"\n<figure class=\"wp-block-image size-large is-resized\"><a href=\"http:\/\/galeria.startwejherowo.pl\/index.php?\/category\/54\"><img loading=\"lazy\" src=\"http:\/\/startwejherowo.pl\/wp-content\/uploads\/2022\/07\/4-1024x683.jpg\" alt=\"\" class=\"wp-image-1338\" width=\"585\" height=\"390\" srcset=\"http:\/\/startwejherowo.pl\/wp-content\/uploads\/2022\/07\/4-1024x683.jpg 1024w, http:\/\/startwejherowo.pl\/wp-content\/uploads\/2022\/07\/4-300x200.jpg 300w, http:\/\/startwejherowo.pl\/wp-content\/uploads\/2022\/07\/4-768x512.jpg 768w, http:\/\/startwejherowo.pl\/wp-content\/uploads\/2022\/07\/4.jpg 1366w\" sizes=\"(max-width: 585px) 100vw, 585px\" \/><\/a><\/figure>\n\n\n\n<p>\u00a0\u00a0   W dniach 2-3 lipca 2022 odby\u0142a si\u0119 uroczysto\u015b\u0107 XXI edycji Alei Gwiazd Sportu we W\u0142adys\u0142awowie podczas kt\u00f3rej uhonorowano 13 wspania\u0142ych zas\u0142u\u017conych sportowc\u00f3w m. in. Ma\u0142gorzata Glinka Mogentale (siatk\u00f3wka), Maja W\u0142oszczowska\u00a0(kolarstwo g\u00f3rskie), Justyna Kowalczyk ( biegi narciarskie) a w \u015br\u00f3d nich Henryk Kohnke (podnoszenie ci\u0119\u017car\u00f3w niepe\u0142nosprawnych).<\/p>\n\n\n\n<p>&nbsp; &nbsp; Jego najwi\u0119ksze osi\u0105gni\u0119cia jako zawodnika wejherowskiego STARTU to 9 medali Igrzysk Paraolimpijskich, Mistrzostwa \u015awiata i Europy w podnoszeniu ci\u0119\u017car\u00f3w&nbsp; (wyciskanie sztangi le\u017c\u0105c na \u0142aweczce).<\/p>\n\n\n\n<p><strong>Igrzyska Paraolimpijskie<\/strong><\/p>\n\n\n\n<p><strong>&#8211; <\/strong>Seul 1988 r. \u2013 z\u0142oty medal w kat. 67,5 kg wynikiem 160 kg<\/p>\n\n\n\n<p>&#8211; Barcelona 1992 r. \u2013 srebrny medal<\/p>\n\n\n\n<p><strong>Mistrzostwa \u015awiata<\/strong><\/p>\n\n\n\n<p>&#8211; Assen 1990 r. (Holandia) \u2013 z\u0142oty medal<\/p>\n\n\n\n<p>&#8211; Uppsaila 1993 r. ( Szwecja) \u2013 srebrny medal<\/p>\n\n\n\n<p><strong>Mistrzostwa Europy<\/strong><\/p>\n\n\n\n<p>&#8211; Brugia 1985 r. (Belgia) \u2013 z\u0142oty medal<\/p>\n\n\n\n<p>&#8211; Thun 1986 r. \u2013 ( Szwajcaria) &#8211; z\u0142oty medal<\/p>\n\n\n\n<p>&#8211; Wroc\u0142aw 1983 r. \u2013 z\u0142oty medal<\/p>\n\n\n\n<p>&#8211; Birmingham 1990 ( Anglia) \u2013 z\u0142oty medal<\/p>\n\n\n\n<p>&#8211; Budapeszt 1993 r. \u2013 z\u0142oty medal<\/p>\n\n\n\n<p><strong>Mistrzostwa Polski \u2013 <\/strong>w 18 startach zdoby\u0142 12 z\u0142otych medali i tytu\u0142\u00f3w mistrza kraju.<\/p>\n\n\n\n<p>&nbsp; &nbsp; &nbsp; W 1984 r. Henryk Kohnke podj\u0105\u0142 prac\u0119 w Meblarskiej Sp\u00f3\u0142dzielni Inwalid\u00f3w \u201eZryw\u201d &nbsp; &nbsp; &nbsp; &nbsp; &nbsp; &nbsp;<\/p>\n\n\n\n<p>w Wejherowie jako tapicer. Zosta\u0142 te\u017c cz\u0142onkiem STARTU dzia\u0142aj\u0105cym przy Sp\u00f3\u0142dzielni.<\/p>\n\n\n\n<p>Trafi\u0142 na dobry grunt, troskliwa opieka w\u0142adz Sp\u00f3\u0142dzielni, Startu oraz trener\u00f3w<\/p>\n\n\n\n<p>Tarasa Strzeleckiego i Paw\u0142a Baranowskiego w po\u0142\u0105czeniu z talentem i pracowito\u015bci\u0105 sportowca da\u0142y wymierne rezultaty \u2013 \u015bwietne wyniki sportowe.<\/p>\n\n\n\n<p>Aktualnie rencista, ale pracuje jako instruktor podnoszenia ci\u0119\u017car\u00f3w w Jastarni a jego podopieczni odnosz\u0105 sukcesy sportowe z tytu\u0142ami i medalami Mistrzostw Polski w\u0142\u0105cznie.<\/p>\n\n\n\n<p>Henryk Kohnke&nbsp; jest&nbsp; drugim zawodnikiem wejherowskiego STARTU maj\u0105cym swoj\u0105 gwiazd\u0119 na Alei Gwiazd po Natalii Partyce uhonorowanej ju\u017c w 2017 roku.<\/p>\n\n\n\n<p>Oboje s\u0105 Honorowymi Cz\u0142onkami ISS \u201eSTART\u201d Wejherowo<\/p>\n\n\n\n<p>&nbsp; &nbsp; &nbsp; &nbsp; &nbsp; &nbsp; &nbsp; &nbsp; &nbsp; &nbsp; &nbsp; &nbsp; &nbsp; &nbsp; &nbsp; &nbsp; &nbsp; &nbsp; &nbsp; &nbsp; &nbsp; &nbsp; &nbsp; &nbsp; &nbsp; &nbsp; &nbsp; &nbsp; &nbsp; &nbsp; &nbsp; Gratulujemy<\/p>\n","protected":false},"excerpt":{"rendered":"<p>\u00a0\u00a0 W dniach 2-3 lipca 2022 odby\u0142a si\u0119 uroczysto\u015b\u0107 XXI edycji Alei Gwiazd Sportu we W\u0142adys\u0142awowie podczas kt\u00f3rej uhonorowano 13 wspania\u0142ych zas\u0142u\u017conych sportowc\u00f3w m. in. Ma\u0142gorzata Glinka Mogentale (siatk\u00f3wka), Maja W\u0142oszczowska\u00a0(kolarstwo g\u00f3rskie), Justyna Kowalczyk ( biegi narciarskie) a w \u015br\u00f3d nich Henryk Kohnke (podnoszenie ci\u0119\u017car\u00f3w niepe\u0142nosprawnych). &nbsp; &nbsp; Jego najwi\u0119ksze osi\u0105gni\u0119cia jako zawodnika wejherowskiego STARTU [&hellip;]<\/p>\n","protected":false},"author":2,"featured_media":0,"comment_status":"open","ping_status":"open","sticky":false,"template":"","format":"standard","meta":{"ngg_post_thumbnail":0},"categories":[4],"tags":[],"_links":{"self":[{"href":"http:\/\/startwejherowo.pl\/index.php?rest_route=\/wp\/v2\/posts\/1336"}],"collection":[{"href":"http:\/\/startwejherowo.pl\/index.php?rest_route=\/wp\/v2\/posts"}],"about":[{"href":"http:\/\/startwejherowo.pl\/index.php?rest_route=\/wp\/v2\/types\/post"}],"author":[{"embeddable":true,"href":"http:\/\/startwejherowo.pl\/index.php?rest_route=\/wp\/v2\/users\/2"}],"replies":[{"embeddable":true,"href":"http:\/\/startwejherowo.pl\/index.php?rest_route=%2Fwp%2Fv2%2Fcomments&post=1336"}],"version-history":[{"count":5,"href":"http:\/\/startwejherowo.pl\/index.php?rest_route=\/wp\/v2\/posts\/1336\/revisions"}],"predecessor-version":[{"id":1342,"href":"http:\/\/startwejherowo.pl\/index.php?rest_route=\/wp\/v2\/posts\/1336\/revisions\/1342"}],"wp:attachment":[{"href":"http:\/\/startwejherowo.pl\/index.php?rest_route=%2Fwp%2Fv2%2Fmedia&parent=1336"}],"wp:term":[{"taxonomy":"category","embeddable":true,"href":"http:\/\/startwejherowo.pl\/index.php?rest_route=%2Fwp%2Fv2%2Fcategories&post=1336"},{"taxonomy":"post_tag","embeddable":true,"href":"http:\/\/startwejherowo.pl\/index.php?rest_route=%2Fwp%2Fv2%2Ftags&post=1336"}],"curies":[{"name":"wp","href":"https:\/\/api.w.org\/{rel}","templated":true}]}}