{"id":1346,"date":"2022-10-06T16:01:52","date_gmt":"2022-10-06T16:01:52","guid":{"rendered":"http:\/\/startwejherowo.pl\/?p=1346"},"modified":"2022-10-06T16:16:48","modified_gmt":"2022-10-06T16:16:48","slug":"zawody-sportowe-w-jastrzebiej-gorze-2","status":"publish","type":"post","link":"http:\/\/startwejherowo.pl\/?p=1346","title":{"rendered":"Zawody Sportowe w Jastrz\u0119biej G\u00f3rze"},"content":{"rendered":"\n<figure class=\"wp-block-image size-large is-resized\"><a href=\"http:\/\/galeria.startwejherowo.pl\/index.php?\/category\/55\"><img loading=\"lazy\" src=\"http:\/\/startwejherowo.pl\/wp-content\/uploads\/2022\/10\/IMG_2263-1024x768.jpg\" alt=\"\" class=\"wp-image-1348\" width=\"600\" height=\"449\"\/><\/a><\/figure>\n\n\n\n<p>W dniach 16-18.09.2022 r. w O\u015brodku Wypoczynkowym \u201eDIUNA\u201d w Jastrz\u0119biej G\u00f3rze odby\u0142y si\u0119 Zawody Sportowe Os\u00f3b Niepe\u0142nosprawnych w Tenisie Sto\u0142owym&nbsp;<\/p>\n\n\n\n<p>i w Szachach pod patronatem i o Puchar Pani Dyrektor Powiatowego Centrum Pomocy Rodzinie w Wejherowie ( ze \u015brodk\u00f3w PFRON )<\/p>\n\n\n\n<p>Zawody odbywa\u0142y si\u0119 w mi\u0142ej&nbsp; sportowej atmosferze i zako\u0144czone uroczystym grillem.<\/p>\n\n\n\n<p>Wyniki ko\u0144cowe:<\/p>\n\n\n\n<p><strong>Tenis Sto\u0142owy<\/strong><\/p>\n\n\n\n<p>&nbsp;&nbsp; I m.&nbsp; \u2013 Lipowski Ryszard &nbsp; &#8211; &nbsp; Wejherowo<\/p>\n\n\n\n<p>&nbsp; II m.&nbsp; &#8211;&nbsp; Konik Waldemar&nbsp; &nbsp; &#8211; &nbsp; Reda<\/p>\n\n\n\n<p>&nbsp;III m.&nbsp; &#8211;&nbsp; Andrzejewska Gabriela &nbsp; &#8211; &nbsp; Rumia<\/p>\n\n\n\n<p><strong>Szachy<\/strong><\/p>\n\n\n\n<p><strong>&nbsp;&nbsp; <\/strong>I m.&nbsp; &#8211;&nbsp; Hebel Adam &nbsp; &#8211; &nbsp; Wejherowo<\/p>\n\n\n\n<p>&nbsp; II m.&nbsp; &#8211;&nbsp; Gajewski Jerzy &nbsp; &#8211; &nbsp; Rumia<\/p>\n\n\n\n<p>&nbsp;III m.&nbsp; &#8211;&nbsp; Siemann&nbsp; Beata &nbsp; &#8211; &nbsp; Robakowo<\/p>\n\n\n\n<p>Zwyci\u0119zcy otrzymali Puchary ufundowane przez Pani\u0105 Dyrektor PCPR w Wejherowie.<\/p>\n\n\n\n<p>Organizatorem zawod\u00f3w by\u0142 ISS \u201eSTART\u201d w Wejherowie.<\/p>\n","protected":false},"excerpt":{"rendered":"<p>W dniach 16-18.09.2022 r. w O\u015brodku Wypoczynkowym \u201eDIUNA\u201d w Jastrz\u0119biej G\u00f3rze odby\u0142y si\u0119 Zawody Sportowe Os\u00f3b Niepe\u0142nosprawnych w Tenisie Sto\u0142owym&nbsp; i w Szachach pod patronatem i o Puchar Pani Dyrektor Powiatowego Centrum Pomocy Rodzinie w Wejherowie ( ze \u015brodk\u00f3w PFRON ) Zawody odbywa\u0142y si\u0119 w mi\u0142ej&nbsp; sportowej atmosferze i zako\u0144czone uroczystym grillem. Wyniki ko\u0144cowe: Tenis [&hellip;]<\/p>\n","protected":false},"author":2,"featured_media":0,"comment_status":"open","ping_status":"open","sticky":false,"template":"","format":"standard","meta":{"ngg_post_thumbnail":0},"categories":[4],"tags":[],"_links":{"self":[{"href":"http:\/\/startwejherowo.pl\/index.php?rest_route=\/wp\/v2\/posts\/1346"}],"collection":[{"href":"http:\/\/startwejherowo.pl\/index.php?rest_route=\/wp\/v2\/posts"}],"about":[{"href":"http:\/\/startwejherowo.pl\/index.php?rest_route=\/wp\/v2\/types\/post"}],"author":[{"embeddable":true,"href":"http:\/\/startwejherowo.pl\/index.php?rest_route=\/wp\/v2\/users\/2"}],"replies":[{"embeddable":true,"href":"http:\/\/startwejherowo.pl\/index.php?rest_route=%2Fwp%2Fv2%2Fcomments&post=1346"}],"version-history":[{"count":10,"href":"http:\/\/startwejherowo.pl\/index.php?rest_route=\/wp\/v2\/posts\/1346\/revisions"}],"predecessor-version":[{"id":1360,"href":"http:\/\/startwejherowo.pl\/index.php?rest_route=\/wp\/v2\/posts\/1346\/revisions\/1360"}],"wp:attachment":[{"href":"http:\/\/startwejherowo.pl\/index.php?rest_route=%2Fwp%2Fv2%2Fmedia&parent=1346"}],"wp:term":[{"taxonomy":"category","embeddable":true,"href":"http:\/\/startwejherowo.pl\/index.php?rest_route=%2Fwp%2Fv2%2Fcategories&post=1346"},{"taxonomy":"post_tag","embeddable":true,"href":"http:\/\/startwejherowo.pl\/index.php?rest_route=%2Fwp%2Fv2%2Ftags&post=1346"}],"curies":[{"name":"wp","href":"https:\/\/api.w.org\/{rel}","templated":true}]}}