{"id":1383,"date":"2022-11-07T19:07:12","date_gmt":"2022-11-07T19:07:12","guid":{"rendered":"http:\/\/startwejherowo.pl\/?p=1383"},"modified":"2022-11-12T19:06:20","modified_gmt":"2022-11-12T19:06:20","slug":"otwarte-mistrzostwa-powiatu-wejherowskiego-o-puchar-starosty-w-boccia-2022-r","status":"publish","type":"post","link":"http:\/\/startwejherowo.pl\/?p=1383","title":{"rendered":"Otwarte Mistrzostwa Powiatu Wejherowskiego o Puchar Starosty w boccia 2022 r."},"content":{"rendered":"\n<figure class=\"wp-block-image size-full\"><a href=\"http:\/\/galeria.startwejherowo.pl\/index.php?\/category\/56\"><img loading=\"lazy\" width=\"580\" height=\"435\" src=\"http:\/\/startwejherowo.pl\/wp-content\/uploads\/2022\/11\/299396477_496834895701944_7855924746837218776_n-1.jpg\" alt=\"\" class=\"wp-image-1393\" srcset=\"http:\/\/startwejherowo.pl\/wp-content\/uploads\/2022\/11\/299396477_496834895701944_7855924746837218776_n-1.jpg 580w, http:\/\/startwejherowo.pl\/wp-content\/uploads\/2022\/11\/299396477_496834895701944_7855924746837218776_n-1-300x225.jpg 300w\" sizes=\"(max-width: 580px) 100vw, 580px\" \/><\/a><\/figure>\n\n\n\n<p>W dniu 23.10.2022 r. na hali sportowej Szko\u0142y Podstawowej nr. 5 w Wejherowie&nbsp;<\/p>\n\n\n\n<p>ul. Gda\u0144ska 30 zosta\u0142y rozegrane \u201eOtwarte Mistrzostwa Powiatu Wejherowskiego o Puchar Starosty w Boccia\u201d.<\/p>\n\n\n\n<p>W imieniu organizator\u00f3w wszystkich zawodnik\u00f3w oraz zaproszonych go\u015bci powita\u0142 Prezes ISS \u201eSTART\u201d Wejherowo Krzysztof Ruchalski a uroczystego otwarcia Mistrzostw dokona\u0142a Pani Gabriela Lisius Starosta Powiatu Wejherowskiego.<\/p>\n\n\n\n<p>W zawodach uczestniczyli r\u00f3wnie\u017c Pan Eugeniusz Grabowski V-ce Prezes Polskiego Zwi\u0105zku Sportu Niepe\u0142nosprawnych \u201eSTART\u201d w Warszawie, Pan&nbsp; Micha\u0142 Jeli\u0144ski Kierownik Wydzia\u0142u Kultury, Sportu i Spraw Spo\u0142ecznych Urz\u0119du Miejskiego w Wejherowie oraz Pan Ryszard Kliczykowski Prezes Zrzeszenia Handlu i Us\u0142ug w Wejherowie.<\/p>\n\n\n\n<p>Zawody zosta\u0142y rozegrane w 4 kategoriach: niepe\u0142nosprawni, zdrowi, \u201eparaolimpijska\u201d oraz \u201eopen\u201d., kt\u00f3re bardzo sprawnie przeprowadzi\u0142a komisja s\u0119dziowska: Ma\u0142gorzata Mika i Waldemar Konik.<\/p>\n\n\n\n<p>Wyniki ko\u0144cowe:<\/p>\n\n\n\n<p><strong>Gr. A<\/strong><\/p>\n\n\n\n<ul><li>I m.\u00a0 &#8211;\u00a0 Gra\u017cyna Mikuta<\/li><li>II m.\u00a0 &#8211;\u00a0 Zdzis\u0142aw Mikuta<\/li><li>III m.\u00a0 &#8211;\u00a0 Helena Szpunar<\/li><\/ul>\n\n\n\n<p><strong>Gr. B<\/strong><\/p>\n\n\n\n<ul><li>I m.\u00a0 &#8211;\u00a0 Barbara Ziemann<\/li><li>II m.\u00a0 &#8211;\u00a0 Faustyna Giszka<\/li><li>III m.\u00a0 &#8211;\u00a0 \u0141ucja Miklewska<\/li><\/ul>\n\n\n\n<p><strong>Gr. C\u00a0<\/strong><\/p>\n\n\n\n<ul><li>I m.\u00a0 &#8211;\u00a0 Katarzyna Krzy\u017canowska<\/li><li>II m.\u00a0 &#8211;\u00a0 Mateusz Dobrza\u0144ski<\/li><li>IV m.\u00a0 &#8211;\u00a0 Anna Konik<\/li><\/ul>\n\n\n\n<p><strong>Gr. D<\/strong><\/p>\n\n\n\n<ul><li>I m.\u00a0 &#8211;\u00a0 Franciszek Ku\u017ami\u0144ski<\/li><li>II m. &#8211;\u00a0 Adam Andrzejewski<\/li><li>III m. &#8211;\u00a0 Gra\u017cyna Mikuta\u00a0<\/li><\/ul>\n\n\n\n<p>Zwyci\u0119zcy w poszczeg\u00f3lnych kategoriach otrzymali puchary, nagrody rzeczowe oraz wszyscy uczestnicy okoliczno\u015bciowe gad\u017cety ufundowane przez Zarz\u0105d Powiatu Wejherowskiego, za co bardzo w imieniu sportowc\u00f3w serdecznie dzi\u0119kujemy.<\/p>\n\n\n\n<p>Mistrzostwa przebiega\u0142y w mi\u0142ej sportowej atmosferze na hali przystosowanej dla os\u00f3b niepe\u0142nosprawnych a organizator oraz uczestnicy w spos\u00f3b szczeg\u00f3lny pragn\u0105 podzi\u0119kowa\u0107 Pani Beacie Dampc Dyrektor Szko\u0142y Podstawowej nr.5 za stworzenie bardzo dobrych warunk\u00f3w organizacyjno- lokalowych do rozegrania tej imprezy.<\/p>\n\n\n\n<p>Organizatorem Mistrzostw Powiatu by\u0142o ISS \u201eSTART\u201d Wejherowo<\/p>\n\n\n\n<p><br><\/p>\n","protected":false},"excerpt":{"rendered":"<p>W dniu 23.10.2022 r. na hali sportowej Szko\u0142y Podstawowej nr. 5 w Wejherowie&nbsp; ul. Gda\u0144ska 30 zosta\u0142y rozegrane \u201eOtwarte Mistrzostwa Powiatu Wejherowskiego o Puchar Starosty w Boccia\u201d. W imieniu organizator\u00f3w wszystkich zawodnik\u00f3w oraz zaproszonych go\u015bci powita\u0142 Prezes ISS \u201eSTART\u201d Wejherowo Krzysztof Ruchalski a uroczystego otwarcia Mistrzostw dokona\u0142a Pani Gabriela Lisius Starosta Powiatu Wejherowskiego. W zawodach [&hellip;]<\/p>\n","protected":false},"author":2,"featured_media":0,"comment_status":"open","ping_status":"open","sticky":false,"template":"","format":"standard","meta":{"ngg_post_thumbnail":0},"categories":[5],"tags":[],"_links":{"self":[{"href":"http:\/\/startwejherowo.pl\/index.php?rest_route=\/wp\/v2\/posts\/1383"}],"collection":[{"href":"http:\/\/startwejherowo.pl\/index.php?rest_route=\/wp\/v2\/posts"}],"about":[{"href":"http:\/\/startwejherowo.pl\/index.php?rest_route=\/wp\/v2\/types\/post"}],"author":[{"embeddable":true,"href":"http:\/\/startwejherowo.pl\/index.php?rest_route=\/wp\/v2\/users\/2"}],"replies":[{"embeddable":true,"href":"http:\/\/startwejherowo.pl\/index.php?rest_route=%2Fwp%2Fv2%2Fcomments&post=1383"}],"version-history":[{"count":7,"href":"http:\/\/startwejherowo.pl\/index.php?rest_route=\/wp\/v2\/posts\/1383\/revisions"}],"predecessor-version":[{"id":1400,"href":"http:\/\/startwejherowo.pl\/index.php?rest_route=\/wp\/v2\/posts\/1383\/revisions\/1400"}],"wp:attachment":[{"href":"http:\/\/startwejherowo.pl\/index.php?rest_route=%2Fwp%2Fv2%2Fmedia&parent=1383"}],"wp:term":[{"taxonomy":"category","embeddable":true,"href":"http:\/\/startwejherowo.pl\/index.php?rest_route=%2Fwp%2Fv2%2Fcategories&post=1383"},{"taxonomy":"post_tag","embeddable":true,"href":"http:\/\/startwejherowo.pl\/index.php?rest_route=%2Fwp%2Fv2%2Ftags&post=1383"}],"curies":[{"name":"wp","href":"https:\/\/api.w.org\/{rel}","templated":true}]}}