{"id":1416,"date":"2023-03-14T18:13:15","date_gmt":"2023-03-14T18:13:15","guid":{"rendered":"http:\/\/startwejherowo.pl\/?p=1416"},"modified":"2023-03-16T18:08:53","modified_gmt":"2023-03-16T18:08:53","slug":"mistrzostwa-polski-niepelnosprawnych-w-szachach-klasycznych","status":"publish","type":"post","link":"http:\/\/startwejherowo.pl\/?p=1416","title":{"rendered":"Mistrzostwa Polski Niepe\u0142nosprawnych w Szachach Klasycznych Karpacz 2023"},"content":{"rendered":"\n<figure class=\"wp-block-image size-large is-resized\"><a href=\"http:\/\/galeria.startwejherowo.pl\/index.php?\/category\/58\"><img loading=\"lazy\" src=\"http:\/\/startwejherowo.pl\/wp-content\/uploads\/2023\/03\/20230307_150923c-1024x813.jpg\" alt=\"\" class=\"wp-image-1417\" width=\"768\" height=\"610\" srcset=\"http:\/\/startwejherowo.pl\/wp-content\/uploads\/2023\/03\/20230307_150923c-1024x813.jpg 1024w, http:\/\/startwejherowo.pl\/wp-content\/uploads\/2023\/03\/20230307_150923c-300x238.jpg 300w, http:\/\/startwejherowo.pl\/wp-content\/uploads\/2023\/03\/20230307_150923c-768x610.jpg 768w, http:\/\/startwejherowo.pl\/wp-content\/uploads\/2023\/03\/20230307_150923c.jpg 1366w\" sizes=\"(max-width: 768px) 100vw, 768px\" \/><\/a><\/figure>\n\n\n<p>W Karpaczu w dn. 27.02 \u2013 08.03.2023 odby\u0142y si\u0119 Mistrzostwa Polski Niepe\u0142nosprawnych w Szachach Klasycznych w kt\u00f3rych wzi\u0119\u0142o udzia\u0142 66 zawodnik\u00f3w z 31 Klub\u00f3w w ca\u0142ej Polski.<\/p>\n<p><span class=\"Apple-converted-space\">&nbsp; &nbsp; &nbsp; <\/span>Mistrzostwa zosta\u0142y rozegrane systemem szwajcarskim na dystansie 9 rund przy kojarzeniu komputerowym zgodnie z aktualnie obowi\u0105zuj\u0105cymi mi\u0119dzynarodowymi przepisami FIDE.<\/p>\n<p><span class=\"Apple-converted-space\">&nbsp; &nbsp; &nbsp; <\/span>Kryterium decyduj\u0105cym o zakwalifikowaniu si\u0119 do Mistrzostw Polski by\u0142y:<\/p>\n<p>ranking mi\u0119dzynarodowy FIDE powy\u017cej 1500 pkt., ranking krajowy i kategoria szachowa poszczeg\u00f3lnych zawodnik\u00f3w.<\/p>\n<p>W tym uk\u0142adzie w Mistrzostwach wzi\u0119\u0142o udzia\u0142 a\u017c 5 reprezentant\u00f3w ISS \u201eSTART\u201d Wejherowo; Bogus\u0142aw Kuma, Marek Uzia\u0142ko, Jerzy Kot, J\u00f3zef<span class=\"Apple-converted-space\">&nbsp; <\/span>\u017be\u0142ajtys i Tadeusz Panek osi\u0105gaj\u0105c dobre wyniki i tak:<\/p>\n<p><b>w Kat. Senior \u2013 Nestor<\/b><\/p>\n<p>1. m.<span class=\"Apple-converted-space\">&nbsp; <\/span>&#8211;<span class=\"Apple-converted-space\">&nbsp; <\/span>Piotr Bobrowski<span class=\"Apple-converted-space\">&nbsp; <\/span>&#8211;<span class=\"Apple-converted-space\">&nbsp; <\/span>M K Szach Rybnik<span class=\"Apple-converted-space\">&nbsp; <\/span>&#8212; 5,0 pkt.<\/p>\n<p>2. m.<span class=\"Apple-converted-space\">&nbsp; <\/span>&#8211;<span class=\"Apple-converted-space\">&nbsp; <\/span>Marek Uzia\u0142ko<span class=\"Apple-converted-space\">&nbsp; <\/span>&#8211;<span class=\"Apple-converted-space\">&nbsp; <\/span>5,0 pkt.<\/p>\n<p>3. m.<span class=\"Apple-converted-space\">&nbsp; <\/span>&#8211;<span class=\"Apple-converted-space\">&nbsp; <\/span>Jerzy Kot<span class=\"Apple-converted-space\">&nbsp; <\/span>&#8212; 4,5 pkt.<\/p>\n<p>oraz 18 m.<span class=\"Apple-converted-space\">&nbsp; <\/span>&#8211;<span class=\"Apple-converted-space\">&nbsp; <\/span>Tadeusz Panek<span class=\"Apple-converted-space\">&nbsp; <\/span>&#8212; 2,0 pkt. ( wszyscy ISS \u201eSTART\u201d Wejherowo)<\/p>\n<p><b>w Kat.<span class=\"Apple-converted-space\">&nbsp; <\/span>\u201eOPEN\u201d<span class=\"Apple-converted-space\">&nbsp;<\/span><\/b><\/p>\n<p>17. m.<span class=\"Apple-converted-space\">&nbsp; <\/span>&#8211;<span class=\"Apple-converted-space\">&nbsp; <\/span>Bogus\u0142aw Kuma<span class=\"Apple-converted-space\">&nbsp; <\/span>&#8211;<span class=\"Apple-converted-space\">&nbsp; <\/span>5,5 pkt.<\/p>\n<p>25. m.<span class=\"Apple-converted-space\">&nbsp; <\/span>&#8211;<span class=\"Apple-converted-space\">&nbsp; <\/span>Marek Uzia\u0142ko<span class=\"Apple-converted-space\">&nbsp; <\/span>&#8211;<span class=\"Apple-converted-space\">&nbsp; <\/span>5,0 pkt.<\/p>\n<p>31. m.<span class=\"Apple-converted-space\">&nbsp; <\/span>&#8211;<span class=\"Apple-converted-space\">&nbsp; <\/span>Jerzy Kot<span class=\"Apple-converted-space\">&nbsp; <\/span>&#8211;<span class=\"Apple-converted-space\">&nbsp; <\/span>4,5 pkt<\/p>\n<p>i J\u00f3zef \u017be\u0142ajtys<span class=\"Apple-converted-space\">&nbsp; <\/span>&#8212; 58 m.<span class=\"Apple-converted-space\">&nbsp; <\/span>\u2013 3,0 pkt<\/p>\n<p><span class=\"Apple-converted-space\">&nbsp;&nbsp; &nbsp; <\/span>Organizatorem Mistrzostw by\u0142 Polski Zwi\u0105zek Szachowy w Warszawie przy wsp\u00f3\u0142finansowaniu przez Ministerstwo Sportu i Turystyki oraz FRON.<\/p>\n<p><span class=\"Apple-converted-space\">&nbsp;&nbsp; &nbsp; <\/span>Wyjazd zawodnik\u00f3w ISS \u201eSTART\u201d Wejherowo sfinansowany przez Pomorski Zwi\u0105zek Organizacji Sportu Niepe\u0142nosprawnych w Gda\u0144sku ze \u015brodk\u00f3w Urz\u0119du Marsza\u0142kowskiego w Gda\u0144sku i ze \u015brodk\u00f3w w\u0142asnych.<\/p>","protected":false},"excerpt":{"rendered":"<p>W Karpaczu w dn. 27.02 \u2013 08.03.2023 odby\u0142y si\u0119 Mistrzostwa Polski Niepe\u0142nosprawnych w Szachach Klasycznych w kt\u00f3rych wzi\u0119\u0142o udzia\u0142 66 zawodnik\u00f3w z 31 Klub\u00f3w w ca\u0142ej Polski. &nbsp; &nbsp; &nbsp; Mistrzostwa zosta\u0142y rozegrane systemem szwajcarskim na dystansie 9 rund przy kojarzeniu komputerowym zgodnie z aktualnie obowi\u0105zuj\u0105cymi mi\u0119dzynarodowymi przepisami FIDE. &nbsp; &nbsp; &nbsp; Kryterium decyduj\u0105cym o [&hellip;]<\/p>\n","protected":false},"author":2,"featured_media":0,"comment_status":"open","ping_status":"open","sticky":false,"template":"","format":"standard","meta":{"ngg_post_thumbnail":0},"categories":[1],"tags":[],"_links":{"self":[{"href":"http:\/\/startwejherowo.pl\/index.php?rest_route=\/wp\/v2\/posts\/1416"}],"collection":[{"href":"http:\/\/startwejherowo.pl\/index.php?rest_route=\/wp\/v2\/posts"}],"about":[{"href":"http:\/\/startwejherowo.pl\/index.php?rest_route=\/wp\/v2\/types\/post"}],"author":[{"embeddable":true,"href":"http:\/\/startwejherowo.pl\/index.php?rest_route=\/wp\/v2\/users\/2"}],"replies":[{"embeddable":true,"href":"http:\/\/startwejherowo.pl\/index.php?rest_route=%2Fwp%2Fv2%2Fcomments&post=1416"}],"version-history":[{"count":3,"href":"http:\/\/startwejherowo.pl\/index.php?rest_route=\/wp\/v2\/posts\/1416\/revisions"}],"predecessor-version":[{"id":1420,"href":"http:\/\/startwejherowo.pl\/index.php?rest_route=\/wp\/v2\/posts\/1416\/revisions\/1420"}],"wp:attachment":[{"href":"http:\/\/startwejherowo.pl\/index.php?rest_route=%2Fwp%2Fv2%2Fmedia&parent=1416"}],"wp:term":[{"taxonomy":"category","embeddable":true,"href":"http:\/\/startwejherowo.pl\/index.php?rest_route=%2Fwp%2Fv2%2Fcategories&post=1416"},{"taxonomy":"post_tag","embeddable":true,"href":"http:\/\/startwejherowo.pl\/index.php?rest_route=%2Fwp%2Fv2%2Ftags&post=1416"}],"curies":[{"name":"wp","href":"https:\/\/api.w.org\/{rel}","templated":true}]}}