{"id":1421,"date":"2023-03-28T16:46:24","date_gmt":"2023-03-28T16:46:24","guid":{"rendered":"http:\/\/startwejherowo.pl\/?p=1421"},"modified":"2023-03-28T16:47:12","modified_gmt":"2023-03-28T16:47:12","slug":"wejherowianin-podwojnym-wicemistrzem-w-szachach-szybkich","status":"publish","type":"post","link":"http:\/\/startwejherowo.pl\/?p=1421","title":{"rendered":"Wejherowianin podw\u00f3jnym wicemistrzem Polski amator\u00f3w w szachach szybkich"},"content":{"rendered":"\n<figure class=\"wp-block-image size-full\"><a href=\"http:\/\/startwejherowo.pl\/wp-content\/uploads\/2023\/03\/IMG_2856.jpg\"><img loading=\"lazy\" width=\"576\" height=\"768\" src=\"http:\/\/startwejherowo.pl\/wp-content\/uploads\/2023\/03\/IMG_2856.jpg\" alt=\"\" class=\"wp-image-1422\" srcset=\"http:\/\/startwejherowo.pl\/wp-content\/uploads\/2023\/03\/IMG_2856.jpg 576w, http:\/\/startwejherowo.pl\/wp-content\/uploads\/2023\/03\/IMG_2856-225x300.jpg 225w\" sizes=\"(max-width: 576px) 100vw, 576px\" \/><\/a><\/figure>\n\n\n\n<p>W dniu 18.03.2023 r. w miejscowo\u015bci P\u0119g\u00f3w woj. \u015bl\u0105skie odby\u0142y si\u0119 IX Mistrzostwa Polski Amator\u00f3w w Szachach Szybkich, w kt\u00f3rych wzi\u0119\u0142o udzia\u0142 a\u017c&nbsp;<strong>196<\/strong>&nbsp;zawodniczek<\/p>\n\n\n\n<p>i zawodnik\u00f3w zdrowych i niepe\u0142nosprawnych z ca\u0142ej Polski.<\/p>\n\n\n\n<p>Mistrzostwa zosta\u0142y rozegrane systemem szwajcarskim w 9 rundach przy kojarzeniu komputerowym na podstawie posiadanych punkt\u00f3w rankingowych FIDE.<\/p>\n\n\n\n<p>W Mistrzostwach wzi\u0119\u0142o udzia\u0142 2 zawodnik\u00f3w ISS \u201eSTART\u201d Wejherowo: Jerzy Kot<\/p>\n\n\n\n<p>( mieszkaniec Wejherowa) i Bogdan \u017bminda osi\u0105gaj\u0105c bardzo dobre wyniki i tak:<\/p>\n\n\n\n<p><strong>W kat. senior 60+ ( zdrowi + niepe\u0142nosprawni):<\/strong><\/p>\n\n\n\n<p>1.m. Bogus\u0142aw Kulon &#8211; KS AZS Wratislavia &#8211; 6,5 pkt<\/p>\n\n\n\n<p>2.m. Jerzy Kot &#8211; \u201eSTART\u201d Wejherowo &#8211; 6,0 pkt.<\/p>\n\n\n\n<p>3.m Ryszard Grossmann &#8211; Wie\u017ca P\u0119g\u00f3w &#8211; 6,0 pkt.<\/p>\n\n\n\n<p><strong>W kat. niepe\u0142nosprawnych:<\/strong><\/p>\n\n\n\n<p>1.m. Eugeniusz Ma\u0142ecki &#8211; Bukowiec G\u00f3rny &#8211; 6,5 pkt.&nbsp;<\/p>\n\n\n\n<p>2.m. Jerzy Kot &#8211; \u201eSTART\u201d Wejherowo &#8211; 6,0 pkt.<\/p>\n\n\n\n<p>3.m. Andrzej Wasylkiewicz &#8211; P\u0119g\u00f3w &#8211; 5,5 pkt.<\/p>\n\n\n\n<p>oraz 9.m. Bogdan \u017bminda &#8211; \u201eSTART\u201d Wejherowo &#8211; 3,5 pkt.<\/p>\n\n\n\n<p>Organizatorem Mistrzostw by\u0142 Klub Szachowy Wie\u017ca P\u0119g\u00f3w a wsp\u00f3\u0142organizatorami byli Polski Zwi\u0105zek Szachowy w Warszawie, Dolno\u015bl\u0105ski Zwi\u0105zek Szachowy oraz Starostwo Powiatowe w Trzebnicy.<\/p>\n\n\n\n<p>Wyjazd zawodnik\u00f3w ISS \u201eSTART\u201d Wejherowo zosta\u0142 sfinansowany ze \u015brodk\u00f3w w\u0142asnych.&nbsp;<\/p>\n","protected":false},"excerpt":{"rendered":"<p>W dniu 18.03.2023 r. w miejscowo\u015bci P\u0119g\u00f3w woj. \u015bl\u0105skie odby\u0142y si\u0119 IX Mistrzostwa Polski Amator\u00f3w w Szachach Szybkich, w kt\u00f3rych wzi\u0119\u0142o udzia\u0142 a\u017c&nbsp;196&nbsp;zawodniczek i zawodnik\u00f3w zdrowych i niepe\u0142nosprawnych z ca\u0142ej Polski. Mistrzostwa zosta\u0142y rozegrane systemem szwajcarskim w 9 rundach przy kojarzeniu komputerowym na podstawie posiadanych punkt\u00f3w rankingowych FIDE. W Mistrzostwach wzi\u0119\u0142o udzia\u0142 2 zawodnik\u00f3w ISS [&hellip;]<\/p>\n","protected":false},"author":2,"featured_media":0,"comment_status":"open","ping_status":"open","sticky":false,"template":"","format":"standard","meta":{"ngg_post_thumbnail":0},"categories":[1],"tags":[],"_links":{"self":[{"href":"http:\/\/startwejherowo.pl\/index.php?rest_route=\/wp\/v2\/posts\/1421"}],"collection":[{"href":"http:\/\/startwejherowo.pl\/index.php?rest_route=\/wp\/v2\/posts"}],"about":[{"href":"http:\/\/startwejherowo.pl\/index.php?rest_route=\/wp\/v2\/types\/post"}],"author":[{"embeddable":true,"href":"http:\/\/startwejherowo.pl\/index.php?rest_route=\/wp\/v2\/users\/2"}],"replies":[{"embeddable":true,"href":"http:\/\/startwejherowo.pl\/index.php?rest_route=%2Fwp%2Fv2%2Fcomments&post=1421"}],"version-history":[{"count":2,"href":"http:\/\/startwejherowo.pl\/index.php?rest_route=\/wp\/v2\/posts\/1421\/revisions"}],"predecessor-version":[{"id":1424,"href":"http:\/\/startwejherowo.pl\/index.php?rest_route=\/wp\/v2\/posts\/1421\/revisions\/1424"}],"wp:attachment":[{"href":"http:\/\/startwejherowo.pl\/index.php?rest_route=%2Fwp%2Fv2%2Fmedia&parent=1421"}],"wp:term":[{"taxonomy":"category","embeddable":true,"href":"http:\/\/startwejherowo.pl\/index.php?rest_route=%2Fwp%2Fv2%2Fcategories&post=1421"},{"taxonomy":"post_tag","embeddable":true,"href":"http:\/\/startwejherowo.pl\/index.php?rest_route=%2Fwp%2Fv2%2Ftags&post=1421"}],"curies":[{"name":"wp","href":"https:\/\/api.w.org\/{rel}","templated":true}]}}