{"id":1467,"date":"2023-10-27T15:19:38","date_gmt":"2023-10-27T15:19:38","guid":{"rendered":"http:\/\/startwejherowo.pl\/?p=1467"},"modified":"2023-10-27T15:19:38","modified_gmt":"2023-10-27T15:19:38","slug":"otwarte-mistrzostwa-powiatu-wejherowskiego-o-puchar-starosty-w-boccia-2023-r","status":"publish","type":"post","link":"http:\/\/startwejherowo.pl\/?p=1467","title":{"rendered":"Otwarte Mistrzostwa Powiatu Wejherowskiego o Puchar Starosty w Boccia 2023 r."},"content":{"rendered":"\n<p>     <\/p>\n\n\n\n<figure class=\"wp-block-image size-large is-resized\"><a href=\"http:\/\/galeria.startwejherowo.pl\/index.php?\/category\/61\"><img loading=\"lazy\" src=\"http:\/\/startwejherowo.pl\/wp-content\/uploads\/2023\/10\/IMG_4507-1024x768.jpg\" alt=\"\" class=\"wp-image-1468\" width=\"628\" height=\"471\" srcset=\"http:\/\/startwejherowo.pl\/wp-content\/uploads\/2023\/10\/IMG_4507-1024x768.jpg 1024w, http:\/\/startwejherowo.pl\/wp-content\/uploads\/2023\/10\/IMG_4507-300x225.jpg 300w, http:\/\/startwejherowo.pl\/wp-content\/uploads\/2023\/10\/IMG_4507-768x576.jpg 768w, http:\/\/startwejherowo.pl\/wp-content\/uploads\/2023\/10\/IMG_4507-rotated.jpg 1366w\" sizes=\"(max-width: 628px) 100vw, 628px\" \/><\/a><\/figure>\n\n\n\n<p>W dniu 22.10.2023 r. na obiektach sportowych Szko\u0142y Podstawowej nr 5 w Wejherowo\u00a0 ul. Gda\u0144ska 30 odby\u0142y si\u0119 \u201eOtwarte Mistrzostwa Powiatu Wejherowskiego o Puchar Starosty w Boccia\u201d<\/p>\n\n\n\n<p>\u00a0\u00a0\u00a0\u00a0\u00a0\u00a0\u00a0W imieniu organizator\u00f3w, wszystkich uczestnik\u00f3w mistrzostw oraz zaproszonych go\u015bci powita\u0142 oraz dokona\u0142 uroczystego otwarcia Prezes ISS \u201eSTART\u201d Wejherowo Krzysztof Ruchalski.<\/p>\n\n\n\n<p>      W zawodach uczestniczyli gospodarz obiektu Pani Beata Dampc Dyrektor Szko\u0142y Podstawowej nr.5 oraz \u00a0by\u0142y Dyrektor Szko\u0142y Pan Adam Klein.<\/p>\n\n\n\n<p>      W mistrzostwach wzi\u0119\u0142o udzia\u0142 rekordowa ilo\u015b\u0107 zawodniczek i zawodnik\u00f3w ; 57 os\u00f3b oraz<br>realizuj\u0105c a\u017c 107 osobostart\u00f3w z ca\u0142ego naszego powiatu Wejherowskiego.<\/p>\n\n\n\n<p>Zawody zgodnie z regulaminem rozegrano w 4 \u00a0kategoriach; niepe\u0142nosprawni, zdrowi, \u201eparaolimpijczycy\u201d oraz \u201eopen\u201d, kt\u00f3re bardzo sprawnie przeprowadzi\u0142a Komisja S\u0119dziowska w sk\u0142adzie: Ma\u0142gorzata Mika i Waldemar Konik.<\/p>\n\n\n\n<p><strong>Wyniki ko\u0144cowe: \u00a0<\/strong><\/p>\n\n\n\n<p>Grupa A&nbsp;&nbsp;&nbsp;&nbsp;&nbsp; I m. &nbsp;&#8211; &nbsp;Mikuta Zdzis\u0142aw&nbsp;<\/p>\n\n\n\n<p>&nbsp;&nbsp;&nbsp;&nbsp;&nbsp;&nbsp;&nbsp;&nbsp;&nbsp;&nbsp;&nbsp;&nbsp;&nbsp;&nbsp;&nbsp;&nbsp;&nbsp;&nbsp;&nbsp;&nbsp;II m. &nbsp;&#8211; &nbsp;Szpunar Helena<\/p>\n\n\n\n<p>&nbsp;&nbsp;&nbsp;&nbsp;&nbsp;&nbsp;&nbsp;&nbsp;&nbsp;&nbsp;&nbsp;&nbsp;&nbsp;&nbsp;&nbsp;&nbsp;&nbsp;&nbsp;&nbsp;III m. &nbsp;&#8211; &nbsp;Wi\u015bniewski Krzysztof<\/p>\n\n\n\n<p>Grupa B&nbsp;&nbsp;&nbsp;&nbsp;&nbsp;&nbsp; I m. &nbsp;&#8211; &nbsp;Mitak Bartosz&nbsp;<\/p>\n\n\n\n<p>&nbsp;&nbsp;&nbsp;&nbsp;&nbsp;&nbsp;&nbsp;&nbsp;&nbsp;&nbsp;&nbsp;&nbsp;&nbsp;&nbsp;&nbsp;&nbsp;&nbsp;&nbsp;&nbsp;&nbsp;&nbsp;II m. &nbsp;&#8211; &nbsp;Radecka Jolanta<\/p>\n\n\n\n<p>&nbsp;&nbsp;&nbsp;&nbsp;&nbsp;&nbsp;&nbsp;&nbsp;&nbsp;&nbsp;&nbsp;&nbsp;&nbsp;&nbsp;&nbsp;&nbsp;&nbsp;&nbsp;&nbsp;&nbsp;III m. &nbsp;&#8211; &nbsp;Nowak Danuta<\/p>\n\n\n\n<p>Grupa C &nbsp;&nbsp;&nbsp;&nbsp;&nbsp;&nbsp;I m. &nbsp;&#8211; Krzy\u017canowska Katarzyna&nbsp;<\/p>\n\n\n\n<p>&nbsp;&nbsp;&nbsp;&nbsp;&nbsp;&nbsp;&nbsp;&nbsp;&nbsp;&nbsp;&nbsp;&nbsp;&nbsp;&nbsp;&nbsp;&nbsp;&nbsp;&nbsp;&nbsp;&nbsp;&nbsp;II m. &nbsp;&#8211; Konik Anna<\/p>\n\n\n\n<p>&nbsp;&nbsp;&nbsp;&nbsp;&nbsp;&nbsp;&nbsp;&nbsp;&nbsp;&nbsp;&nbsp;&nbsp;&nbsp;&nbsp;&nbsp;&nbsp;&nbsp;&nbsp;&nbsp;&nbsp;III m. &nbsp;&#8211; Dobrza\u0144ski Mateusz<\/p>\n\n\n\n<p>Grupa D&nbsp;&nbsp;&nbsp;&nbsp;&nbsp;&nbsp; I m. &nbsp;&#8211; Krzy\u017canowska Katarzyna&nbsp;<\/p>\n\n\n\n<p>&nbsp;&nbsp;&nbsp;&nbsp;&nbsp;&nbsp;&nbsp;&nbsp;&nbsp;&nbsp;&nbsp;&nbsp;&nbsp;&nbsp;&nbsp;&nbsp;&nbsp;&nbsp;&nbsp;&nbsp;&nbsp;II m. &nbsp;&#8211; Angel Krystian<\/p>\n\n\n\n<p>&nbsp;&nbsp;&nbsp;&nbsp;&nbsp;&nbsp;&nbsp;&nbsp;&nbsp;&nbsp;&nbsp;&nbsp;&nbsp;&nbsp;&nbsp;&nbsp;&nbsp;&nbsp;&nbsp;&nbsp;III m. &nbsp;&#8211; Lipowski Ryszard<\/p>\n","protected":false},"excerpt":{"rendered":"<p>W dniu 22.10.2023 r. na obiektach sportowych Szko\u0142y Podstawowej nr 5 w Wejherowo\u00a0 ul. Gda\u0144ska 30 odby\u0142y si\u0119 \u201eOtwarte Mistrzostwa Powiatu Wejherowskiego o Puchar Starosty w Boccia\u201d \u00a0\u00a0\u00a0\u00a0\u00a0\u00a0\u00a0W imieniu organizator\u00f3w, wszystkich uczestnik\u00f3w mistrzostw oraz zaproszonych go\u015bci powita\u0142 oraz dokona\u0142 uroczystego otwarcia Prezes ISS \u201eSTART\u201d Wejherowo Krzysztof Ruchalski. W zawodach uczestniczyli gospodarz obiektu Pani Beata Dampc [&hellip;]<\/p>\n","protected":false},"author":2,"featured_media":0,"comment_status":"open","ping_status":"open","sticky":false,"template":"","format":"standard","meta":{"ngg_post_thumbnail":0},"categories":[5],"tags":[],"_links":{"self":[{"href":"http:\/\/startwejherowo.pl\/index.php?rest_route=\/wp\/v2\/posts\/1467"}],"collection":[{"href":"http:\/\/startwejherowo.pl\/index.php?rest_route=\/wp\/v2\/posts"}],"about":[{"href":"http:\/\/startwejherowo.pl\/index.php?rest_route=\/wp\/v2\/types\/post"}],"author":[{"embeddable":true,"href":"http:\/\/startwejherowo.pl\/index.php?rest_route=\/wp\/v2\/users\/2"}],"replies":[{"embeddable":true,"href":"http:\/\/startwejherowo.pl\/index.php?rest_route=%2Fwp%2Fv2%2Fcomments&post=1467"}],"version-history":[{"count":4,"href":"http:\/\/startwejherowo.pl\/index.php?rest_route=\/wp\/v2\/posts\/1467\/revisions"}],"predecessor-version":[{"id":1472,"href":"http:\/\/startwejherowo.pl\/index.php?rest_route=\/wp\/v2\/posts\/1467\/revisions\/1472"}],"wp:attachment":[{"href":"http:\/\/startwejherowo.pl\/index.php?rest_route=%2Fwp%2Fv2%2Fmedia&parent=1467"}],"wp:term":[{"taxonomy":"category","embeddable":true,"href":"http:\/\/startwejherowo.pl\/index.php?rest_route=%2Fwp%2Fv2%2Fcategories&post=1467"},{"taxonomy":"post_tag","embeddable":true,"href":"http:\/\/startwejherowo.pl\/index.php?rest_route=%2Fwp%2Fv2%2Ftags&post=1467"}],"curies":[{"name":"wp","href":"https:\/\/api.w.org\/{rel}","templated":true}]}}