{"id":1473,"date":"2023-11-18T12:59:35","date_gmt":"2023-11-18T12:59:35","guid":{"rendered":"http:\/\/startwejherowo.pl\/?p=1473"},"modified":"2023-11-18T12:59:35","modified_gmt":"2023-11-18T12:59:35","slug":"2-medale-wejherowianina-w-mistrzostwach-polski-niepelnosprawnych-w-szachach-aktywnych","status":"publish","type":"post","link":"http:\/\/startwejherowo.pl\/?p=1473","title":{"rendered":"2 medale wejherowianina w \u201eMistrzostwach Polski Niepe\u0142nosprawnych w Szachach aktywnych\u201d \u00a0\u00a0\u00a0\u00a0\u00a0\u00a0\u00a0"},"content":{"rendered":"\n<figure class=\"wp-block-image size-large is-resized\"><a href=\"http:\/\/galeria.startwejherowo.pl\/index.php?\/category\/62\"><img loading=\"lazy\" src=\"http:\/\/startwejherowo.pl\/wp-content\/uploads\/2023\/11\/20231113_100339-768x1024.jpg\" alt=\"\" class=\"wp-image-1474\" width=\"567\" height=\"756\" srcset=\"http:\/\/startwejherowo.pl\/wp-content\/uploads\/2023\/11\/20231113_100339-768x1024.jpg 768w, http:\/\/startwejherowo.pl\/wp-content\/uploads\/2023\/11\/20231113_100339-225x300.jpg 225w, http:\/\/startwejherowo.pl\/wp-content\/uploads\/2023\/11\/20231113_100339-1152x1536.jpg 1152w, http:\/\/startwejherowo.pl\/wp-content\/uploads\/2023\/11\/20231113_100339-rotated.jpg 1366w\" sizes=\"(max-width: 567px) 100vw, 567px\" \/><\/a><\/figure>\n\n\n\n<p>W dniach 10-14 listopada 2023 r. w miejscowo\u015bci Brok k\/Warszawy\u00a0odby\u0142y si\u0119 Mistrzostwa Polski Niepe\u0142nosprawnych w Szachach aktywnych na 2023 r. w kt\u00f3rych udzia\u0142 wzi\u0119\u0142o 44 czo\u0142owych zawodnik\u00f3w z ca\u0142ej Polski.<\/p>\n\n\n\n<p>&nbsp;&nbsp;&nbsp;Turniej zosta\u0142 rozegrany w 9 rundach systemem \u201eszwajcarskim\u201d zgodnie mi\u0119dzynarodowymi przepisami FIDE.<\/p>\n\n\n\n<p>&nbsp;&nbsp;&nbsp;&nbsp;W Mistrzostwach wzi\u0119\u0142o udzia\u0142 4 reprezentant\u00f3w&nbsp;wejherowskiego \u201eSTARTU\u201d w sk\u0142adzie: Kot Jerzy, \u017be\u0142ajtys J\u00f3zef, Uzia\u0142ko Marek i Panek Tadeusz osi\u0105gaj\u0105c dobre wyniki i tak:<\/p>\n\n\n\n<p><strong>Kat. og\u00f3lna:<\/strong><\/p>\n\n\n\n<p>&nbsp;&nbsp;&nbsp;&nbsp;&nbsp;&nbsp;&nbsp;I m. &nbsp;&#8211; &nbsp;Stacha\u0144czyk Jacek &nbsp;&nbsp;&nbsp;&#8211; &nbsp;MCKiS Jaworzno &nbsp;&nbsp;&#8211; &nbsp;&nbsp;8 pkt. &nbsp;&nbsp;<\/p>\n\n\n\n<p>&nbsp;&nbsp;&nbsp;&nbsp;&nbsp;&nbsp;II m. &nbsp;&#8211; &nbsp;Kot Jerzy \u2013 \u201eSTART\u201d Wejherowo &nbsp;&nbsp;&#8211; &nbsp;&nbsp;8 pkt.<\/p>\n\n\n\n<p>&nbsp;&nbsp;&nbsp;&nbsp;&nbsp;III m. &nbsp;&#8211; &nbsp;Jurkiewicz Krzysztof &nbsp;&#8211; &nbsp;Gda\u0144sk &nbsp;&nbsp;&#8211; &nbsp;&nbsp;6,5 pkt.<\/p>\n\n\n\n<p>&nbsp;&nbsp;&nbsp;VII m. &nbsp;&#8211; &nbsp;&nbsp;\u017be\u0142ajtys J\u00f3zef &nbsp;&#8211; &nbsp;6 pkt.<\/p>\n\n\n\n<p>&nbsp;&nbsp;XIX m. &nbsp;&#8211; &nbsp;Uzia\u0142ko Marek &nbsp;&#8211; &nbsp;5 pkt.<\/p>\n\n\n\n<p>XXIV m. &#8211; &nbsp;Panek Tadeusz &nbsp;&#8211; &nbsp;4 pkt.<\/p>\n\n\n\n<p><strong>Kat. Senior 65 +<\/strong><\/p>\n\n\n\n<p>&nbsp;&nbsp;&nbsp;&nbsp;&nbsp;&nbsp;&nbsp;I m. &nbsp;&#8211; &nbsp;Kot Jerzy &nbsp;&nbsp;&#8211; &nbsp;&nbsp;\u201eSTART\u201d Wejherowo &nbsp;&#8211; &nbsp;8 pkt.<\/p>\n\n\n\n<p>&nbsp;&nbsp;&nbsp;&nbsp;&nbsp;&nbsp;II m. &nbsp;&#8211; &nbsp;Jurkiewicz Krzysztof &nbsp;&#8211; &nbsp;Gda\u0144sk &nbsp;&#8211; &nbsp;6,5 pkt.<\/p>\n\n\n\n<p>&nbsp;&nbsp;&nbsp;&nbsp;&nbsp;III m. &nbsp;&#8211; &nbsp;Krawcewicz Lucyna &nbsp;&#8211; &nbsp;6,5 pkt.<\/p>\n\n\n\n<p>&nbsp;&nbsp;&nbsp;&nbsp;&nbsp;IV m. &nbsp;&#8211; &nbsp;\u017be\u0142ajtys J\u00f3zef &nbsp;&#8211; &nbsp;6,0 pkt.<\/p>\n\n\n\n<p>&nbsp;&nbsp;&nbsp;&nbsp;&nbsp;X &nbsp;m. &nbsp;&#8211; &nbsp;Uzia\u0142ko Marek &nbsp;&#8211; &nbsp;5,0 pkt.<\/p>\n\n\n\n<p>&nbsp;&nbsp;XIV m. &nbsp;&#8211; &nbsp;Panek Tadeusz &nbsp;&#8211; &nbsp;4,0 pkt.<\/p>\n","protected":false},"excerpt":{"rendered":"<p>W dniach 10-14 listopada 2023 r. w miejscowo\u015bci Brok k\/Warszawy\u00a0odby\u0142y si\u0119 Mistrzostwa Polski Niepe\u0142nosprawnych w Szachach aktywnych na 2023 r. w kt\u00f3rych udzia\u0142 wzi\u0119\u0142o 44 czo\u0142owych zawodnik\u00f3w z ca\u0142ej Polski. &nbsp;&nbsp;&nbsp;Turniej zosta\u0142 rozegrany w 9 rundach systemem \u201eszwajcarskim\u201d zgodnie mi\u0119dzynarodowymi przepisami FIDE. &nbsp;&nbsp;&nbsp;&nbsp;W Mistrzostwach wzi\u0119\u0142o udzia\u0142 4 reprezentant\u00f3w&nbsp;wejherowskiego \u201eSTARTU\u201d w sk\u0142adzie: Kot Jerzy, \u017be\u0142ajtys J\u00f3zef, [&hellip;]<\/p>\n","protected":false},"author":2,"featured_media":0,"comment_status":"open","ping_status":"open","sticky":false,"template":"","format":"standard","meta":{"ngg_post_thumbnail":0},"categories":[6],"tags":[],"_links":{"self":[{"href":"http:\/\/startwejherowo.pl\/index.php?rest_route=\/wp\/v2\/posts\/1473"}],"collection":[{"href":"http:\/\/startwejherowo.pl\/index.php?rest_route=\/wp\/v2\/posts"}],"about":[{"href":"http:\/\/startwejherowo.pl\/index.php?rest_route=\/wp\/v2\/types\/post"}],"author":[{"embeddable":true,"href":"http:\/\/startwejherowo.pl\/index.php?rest_route=\/wp\/v2\/users\/2"}],"replies":[{"embeddable":true,"href":"http:\/\/startwejherowo.pl\/index.php?rest_route=%2Fwp%2Fv2%2Fcomments&post=1473"}],"version-history":[{"count":2,"href":"http:\/\/startwejherowo.pl\/index.php?rest_route=\/wp\/v2\/posts\/1473\/revisions"}],"predecessor-version":[{"id":1476,"href":"http:\/\/startwejherowo.pl\/index.php?rest_route=\/wp\/v2\/posts\/1473\/revisions\/1476"}],"wp:attachment":[{"href":"http:\/\/startwejherowo.pl\/index.php?rest_route=%2Fwp%2Fv2%2Fmedia&parent=1473"}],"wp:term":[{"taxonomy":"category","embeddable":true,"href":"http:\/\/startwejherowo.pl\/index.php?rest_route=%2Fwp%2Fv2%2Fcategories&post=1473"},{"taxonomy":"post_tag","embeddable":true,"href":"http:\/\/startwejherowo.pl\/index.php?rest_route=%2Fwp%2Fv2%2Ftags&post=1473"}],"curies":[{"name":"wp","href":"https:\/\/api.w.org\/{rel}","templated":true}]}}