{"id":1477,"date":"2023-12-19T09:40:17","date_gmt":"2023-12-19T09:40:17","guid":{"rendered":"http:\/\/startwejherowo.pl\/?p=1477"},"modified":"2023-12-19T09:40:17","modified_gmt":"2023-12-19T09:40:17","slug":"xxx-ogolnopolskie-zawody-sportowe-grudziadz-1-3-12-2023","status":"publish","type":"post","link":"http:\/\/startwejherowo.pl\/?p=1477","title":{"rendered":"XXX Og\u00f3lnopolskie Zawody Sportowe Grudzi\u0105dz 1-3.12.2023"},"content":{"rendered":"\n<figure class=\"wp-block-image size-large is-resized\"><a href=\"http:\/\/galeria.startwejherowo.pl\/index.php?\/category\/63\"><img loading=\"lazy\" src=\"http:\/\/startwejherowo.pl\/wp-content\/uploads\/2023\/12\/IMG_4736-1024x768.jpg\" alt=\"\" class=\"wp-image-1478\" width=\"680\" height=\"510\" srcset=\"http:\/\/startwejherowo.pl\/wp-content\/uploads\/2023\/12\/IMG_4736-1024x768.jpg 1024w, http:\/\/startwejherowo.pl\/wp-content\/uploads\/2023\/12\/IMG_4736-300x225.jpg 300w, http:\/\/startwejherowo.pl\/wp-content\/uploads\/2023\/12\/IMG_4736-768x576.jpg 768w, http:\/\/startwejherowo.pl\/wp-content\/uploads\/2023\/12\/IMG_4736.jpg 1366w\" sizes=\"(max-width: 680px) 100vw, 680px\" \/><\/a><\/figure>\n\n\n\n<p>W dniach 1-3.12.2023 w Grudzi\u0105dzu odby\u0142y si\u0119 \u201eOg\u00f3lnopolskie Zawody Sportowe\u201d organizowane w ramach obchod\u00f3w \u015awiatowego Dnia Po\u015bwi\u0119conego Osobom Niepe\u0142nosprawnym w tenisie sto\u0142owym, podnoszeniu ci\u0119\u017car\u00f3w,strzelectwie sportowym i boccia a zosta\u0142y zorganizowane przez Centrum Rehabilitacji im. ks. Biskupa Chrapka w Grudzi\u0105dzu.<\/p>\n\n\n\n<p>W zawodach bra\u0142y udzia\u0142 dru\u017cyny z Bydgoszczy ,Grudzi\u0105dza, Gda\u0144ska i Wejherowa.<\/p>\n\n\n\n<p>Rozgrywki &nbsp;w dyscyplinie boccia odbywa\u0142y si\u0119 w dw\u00f3ch kategoriach: kobiety i m\u0119\u017cczy\u017ani.<\/p>\n\n\n\n<p>W kategorii kobiet udzia\u0142 wzi\u0119\u0142y zawodniczki ISS START Wejherowo: Konik Anna, Andrzejewska Gabriela,Szpunar Helena i Mikuta Gra\u017cyna natomiast w kategorii m\u0119\u017cczyzn: Ku\u017ami\u0144ski Franciszek.<\/p>\n\n\n\n<p>W dyscyplinie \u2013 tenis sto\u0142owy ISS \u201eSTART\u201dWejherowo reprezentowa\u0142 Zdzis\u0142aw Mikuta.<\/p>\n\n\n\n<p>Zawody odbywa\u0142y si\u0119 w Hali Sportowej \u201eOLIMPIA\u201d w Grudzi\u0105dzu.<\/p>\n\n\n\n<p>Wyniki ko\u0144cowe<\/p>\n\n\n\n<p><strong>Boccia \u2013 kobiety<\/strong><\/p>\n\n\n\n<p>&nbsp;&nbsp;&nbsp;&nbsp;I m. &nbsp;&#8211; Burek-Sas Gra\u017cyna &nbsp;&nbsp;&nbsp;&#8211; &nbsp;&nbsp;&nbsp;&nbsp;&nbsp;NIKE Bydgoszcz<\/p>\n\n\n\n<p>&nbsp;&nbsp;&nbsp;II m. &nbsp;&#8211; Koci\u0144ska Gra\u017cyna &nbsp;&nbsp;&nbsp;&nbsp;&#8211; &nbsp;&nbsp;&nbsp;&nbsp;&nbsp;NIKE Bydgoszcz<\/p>\n\n\n\n<p>&nbsp;&nbsp;III m. &#8211; &nbsp;Mikuta Gra\u017cyna &nbsp;&nbsp;&nbsp;&nbsp;&nbsp;&nbsp;&nbsp;&#8211; &nbsp;&nbsp;&nbsp;&nbsp;&nbsp;START Wejherowo<\/p>\n\n\n\n<p>&nbsp;&nbsp;IV m. &#8211; &nbsp;Kubasik Ma\u0142gorzata &nbsp;&#8211; &nbsp;&nbsp;&nbsp;&nbsp;NIKE Bydgoszcz<\/p>\n\n\n\n<p><strong>Boccia \u2013 m\u0119\u017cczy\u017ani<\/strong><\/p>\n\n\n\n<p>&nbsp;&nbsp;&nbsp;&nbsp;I m. &nbsp;&#8211; &nbsp;Ku\u017ami\u0144ski Franciszek \u2013 START Wejherowo<\/p>\n\n\n\n<p>&nbsp;&nbsp;&nbsp;II m. &#8211; &nbsp;Brzezi\u0144ski Maciej &nbsp;&nbsp;&nbsp;&nbsp;&nbsp;&nbsp;&nbsp;&#8211; &nbsp;Centrum Rehabilitacji Grudzi\u0105dz<\/p>\n\n\n\n<p>&nbsp;&nbsp;III m. &#8211; &nbsp;\u015awi\u0119cicki Leszek &nbsp;&nbsp;&nbsp;&nbsp;&nbsp;&nbsp;&nbsp;&nbsp;&#8211; &nbsp;Centrum Rehabilitacji Grudzi\u0105dz<\/p>\n\n\n\n<p>&nbsp;&nbsp;IV m. &#8211; &nbsp;Diksa Bartosz &nbsp;&nbsp;&nbsp;&nbsp;&nbsp;&nbsp;&nbsp;&nbsp;&nbsp;&nbsp;&nbsp;&nbsp;&nbsp;&#8211; &nbsp;Centrum Rehabilitacji Grudzi\u0105dz<\/p>\n\n\n\n<p><strong>Tenis sto\u0142owy<\/strong><\/p>\n\n\n\n<p>&nbsp;&nbsp;&nbsp;&nbsp;I m. &#8211; &nbsp;Gardynik Ernest &nbsp;&nbsp;&nbsp;&nbsp;&nbsp;&nbsp;&nbsp;&nbsp;&nbsp;&nbsp;&#8211; &nbsp;Szansa START Gda\u0144sk<\/p>\n\n\n\n<p>&nbsp;&nbsp;&nbsp;II m. &#8211; &nbsp;Dudek Bogus\u0142aw &nbsp;&nbsp;&nbsp;&nbsp;&nbsp;&nbsp;&nbsp;&nbsp;&#8211; &nbsp;Centrum Rehabilitacji Grudzi\u0105dz<\/p>\n\n\n\n<p>&nbsp;&nbsp;III m. &#8211; &nbsp;Borkowski Wiaczys\u0142aw \u2013 START Bydgoszcz<\/p>\n\n\n\n<p>&nbsp;&nbsp;IV m. &#8211; &nbsp;Mikuta Zdzis\u0142aw &nbsp;&nbsp;&nbsp;&nbsp;&nbsp;&nbsp;&nbsp;&nbsp;&nbsp;&nbsp;&#8211; START Wejherowo<\/p>\n","protected":false},"excerpt":{"rendered":"<p>W dniach 1-3.12.2023 w Grudzi\u0105dzu odby\u0142y si\u0119 \u201eOg\u00f3lnopolskie Zawody Sportowe\u201d organizowane w ramach obchod\u00f3w \u015awiatowego Dnia Po\u015bwi\u0119conego Osobom Niepe\u0142nosprawnym w tenisie sto\u0142owym, podnoszeniu ci\u0119\u017car\u00f3w,strzelectwie sportowym i boccia a zosta\u0142y zorganizowane przez Centrum Rehabilitacji im. ks. Biskupa Chrapka w Grudzi\u0105dzu. W zawodach bra\u0142y udzia\u0142 dru\u017cyny z Bydgoszczy ,Grudzi\u0105dza, Gda\u0144ska i Wejherowa. Rozgrywki &nbsp;w dyscyplinie boccia odbywa\u0142y [&hellip;]<\/p>\n","protected":false},"author":2,"featured_media":0,"comment_status":"open","ping_status":"open","sticky":false,"template":"","format":"standard","meta":{"ngg_post_thumbnail":0},"categories":[5,7],"tags":[],"_links":{"self":[{"href":"http:\/\/startwejherowo.pl\/index.php?rest_route=\/wp\/v2\/posts\/1477"}],"collection":[{"href":"http:\/\/startwejherowo.pl\/index.php?rest_route=\/wp\/v2\/posts"}],"about":[{"href":"http:\/\/startwejherowo.pl\/index.php?rest_route=\/wp\/v2\/types\/post"}],"author":[{"embeddable":true,"href":"http:\/\/startwejherowo.pl\/index.php?rest_route=\/wp\/v2\/users\/2"}],"replies":[{"embeddable":true,"href":"http:\/\/startwejherowo.pl\/index.php?rest_route=%2Fwp%2Fv2%2Fcomments&post=1477"}],"version-history":[{"count":2,"href":"http:\/\/startwejherowo.pl\/index.php?rest_route=\/wp\/v2\/posts\/1477\/revisions"}],"predecessor-version":[{"id":1480,"href":"http:\/\/startwejherowo.pl\/index.php?rest_route=\/wp\/v2\/posts\/1477\/revisions\/1480"}],"wp:attachment":[{"href":"http:\/\/startwejherowo.pl\/index.php?rest_route=%2Fwp%2Fv2%2Fmedia&parent=1477"}],"wp:term":[{"taxonomy":"category","embeddable":true,"href":"http:\/\/startwejherowo.pl\/index.php?rest_route=%2Fwp%2Fv2%2Fcategories&post=1477"},{"taxonomy":"post_tag","embeddable":true,"href":"http:\/\/startwejherowo.pl\/index.php?rest_route=%2Fwp%2Fv2%2Ftags&post=1477"}],"curies":[{"name":"wp","href":"https:\/\/api.w.org\/{rel}","templated":true}]}}