{"id":1509,"date":"2024-05-31T10:03:39","date_gmt":"2024-05-31T10:03:39","guid":{"rendered":"http:\/\/startwejherowo.pl\/?p=1509"},"modified":"2024-05-31T10:04:31","modified_gmt":"2024-05-31T10:04:31","slug":"zawody-osob-niepelnosprawnych-w-boccia-24-26-05-2024","status":"publish","type":"post","link":"http:\/\/startwejherowo.pl\/?p=1509","title":{"rendered":"Zawody Sportowe Os\u00f3b Niepe\u0142nosprawnych w Boccia 24-26.05.2024"},"content":{"rendered":"\n<figure class=\"wp-block-image size-large is-resized\"><a href=\"http:\/\/startwejherowo.pl\/wp-content\/uploads\/2024\/05\/13.jpg\"><img loading=\"lazy\" src=\"http:\/\/startwejherowo.pl\/wp-content\/uploads\/2024\/05\/13-1024x768.jpg\" alt=\"\" class=\"wp-image-1510\" width=\"592\" height=\"442\"\/><\/a><\/figure>\n\n\n\n<p>W dniach 24-26.05.2024 r. w O\u015brodku Wypoczynkowym \u201eDIUNA\u201d w \u0141ebie odby\u0142y si\u0119 \u201eZawody Sportowe Os\u00f3b Niepe\u0142nosprawnych w Boccia\u201d.<\/p>\n\n\n\n<p>W zawodach udzia\u0142 wzi\u0119\u0142o 20 zawodnik\u00f3w z naszego powiatu wejherowskiego.<\/p>\n\n\n\n<p>Zawody rozegrano w trzech grupach eliminacyjnych systemem \u201eka\u017cdy z ka\u017cdym\u201d, natomiast podobnym systemem rozegrano fina\u0142 w 6 osobowym sk\u0142adzie.<\/p>\n\n\n\n<p>W czasie zawod\u00f3w panowa\u0142a mi\u0142a i serdeczna atmosfera, a zosta\u0142y zako\u0144czone grillem.<\/p>\n\n\n\n<p>Zwyci\u0119zcom zosta\u0142y wr\u0119czone puchary i tak:<\/p>\n\n\n\n<p>Wyniki ko\u0144cowe:<\/p>\n\n\n\n<p><strong>I m. &#8211; Motowid\u0142o J\u00f3zef<\/strong><\/p>\n\n\n\n<p><strong>II m. &#8211; Ku\u017ami\u0144ski Franciszek<\/strong><\/p>\n\n\n\n<p><strong>III m. \u2013 Puchowski Andrzej<\/strong><\/p>\n\n\n\n<p>Organizatorem zawod\u00f3w by\u0142o Integracyjne Stowarzyszenie Sportowe \u201eSTART\u201d Wejherowo przy znacznym wsparciu finansowym \u201ePFRON\u201d kt\u00f3remu to w imieniu sportowc\u00f3w niepe\u0142nosprawnych serdecznie dzi\u0119kujemy.<\/p>\n","protected":false},"excerpt":{"rendered":"<p>W dniach 24-26.05.2024 r. w O\u015brodku Wypoczynkowym \u201eDIUNA\u201d w \u0141ebie odby\u0142y si\u0119 \u201eZawody Sportowe Os\u00f3b Niepe\u0142nosprawnych w Boccia\u201d. W zawodach udzia\u0142 wzi\u0119\u0142o 20 zawodnik\u00f3w z naszego powiatu wejherowskiego. Zawody rozegrano w trzech grupach eliminacyjnych systemem \u201eka\u017cdy z ka\u017cdym\u201d, natomiast podobnym systemem rozegrano fina\u0142 w 6 osobowym sk\u0142adzie. W czasie zawod\u00f3w panowa\u0142a mi\u0142a i serdeczna atmosfera, [&hellip;]<\/p>\n","protected":false},"author":2,"featured_media":0,"comment_status":"open","ping_status":"open","sticky":false,"template":"","format":"standard","meta":{"ngg_post_thumbnail":0},"categories":[1],"tags":[],"_links":{"self":[{"href":"http:\/\/startwejherowo.pl\/index.php?rest_route=\/wp\/v2\/posts\/1509"}],"collection":[{"href":"http:\/\/startwejherowo.pl\/index.php?rest_route=\/wp\/v2\/posts"}],"about":[{"href":"http:\/\/startwejherowo.pl\/index.php?rest_route=\/wp\/v2\/types\/post"}],"author":[{"embeddable":true,"href":"http:\/\/startwejherowo.pl\/index.php?rest_route=\/wp\/v2\/users\/2"}],"replies":[{"embeddable":true,"href":"http:\/\/startwejherowo.pl\/index.php?rest_route=%2Fwp%2Fv2%2Fcomments&post=1509"}],"version-history":[{"count":4,"href":"http:\/\/startwejherowo.pl\/index.php?rest_route=\/wp\/v2\/posts\/1509\/revisions"}],"predecessor-version":[{"id":1514,"href":"http:\/\/startwejherowo.pl\/index.php?rest_route=\/wp\/v2\/posts\/1509\/revisions\/1514"}],"wp:attachment":[{"href":"http:\/\/startwejherowo.pl\/index.php?rest_route=%2Fwp%2Fv2%2Fmedia&parent=1509"}],"wp:term":[{"taxonomy":"category","embeddable":true,"href":"http:\/\/startwejherowo.pl\/index.php?rest_route=%2Fwp%2Fv2%2Fcategories&post=1509"},{"taxonomy":"post_tag","embeddable":true,"href":"http:\/\/startwejherowo.pl\/index.php?rest_route=%2Fwp%2Fv2%2Ftags&post=1509"}],"curies":[{"name":"wp","href":"https:\/\/api.w.org\/{rel}","templated":true}]}}