{"id":1535,"date":"2024-10-26T18:45:45","date_gmt":"2024-10-26T18:45:45","guid":{"rendered":"http:\/\/startwejherowo.pl\/?p=1535"},"modified":"2024-10-26T18:45:45","modified_gmt":"2024-10-26T18:45:45","slug":"otwarte-mistrzostwa-powiatu-wejherowskiego-o-puchar-starosty-w-boccia-2024","status":"publish","type":"post","link":"http:\/\/startwejherowo.pl\/?p=1535","title":{"rendered":"Otwarte Mistrzostwa Powiatu Wejherowskiego o Puchar Starosty w Boccia 2024"},"content":{"rendered":"\n<figure class=\"wp-block-image size-large is-resized\"><a href=\"http:\/\/galeria.startwejherowo.pl\/index.php?\/category\/68\"><img loading=\"lazy\" src=\"http:\/\/startwejherowo.pl\/wp-content\/uploads\/2024\/10\/11-1024x768.jpg\" alt=\"\" class=\"wp-image-1536\" width=\"576\" height=\"432\" srcset=\"http:\/\/startwejherowo.pl\/wp-content\/uploads\/2024\/10\/11-1024x768.jpg 1024w, http:\/\/startwejherowo.pl\/wp-content\/uploads\/2024\/10\/11-300x225.jpg 300w, http:\/\/startwejherowo.pl\/wp-content\/uploads\/2024\/10\/11-768x576.jpg 768w, http:\/\/startwejherowo.pl\/wp-content\/uploads\/2024\/10\/11.jpg 1366w\" sizes=\"(max-width: 576px) 100vw, 576px\" \/><\/a><\/figure>\n\n\n\n<p>W dniu 20.10.2024 r. na obiektach sportowych Szko\u0142y Podstawowej nr 5\u00a0w Wejherowie ul. Gda\u0144ska 30 odby\u0142y si\u0119 \u201eOtwarte Mistrzostwa Powiatu Wejherowskiego o Puchar Starosty w Boccia.\u201d<\/p>\n\n\n\n<p>W imieniu organizator\u00f3w, wszystkich uczestnik\u00f3w mistrzostw oraz zaproszonych go\u015bci powita\u0142 Prezes ISS \u201eSTART\u201d Wejherowo Krzysztof Ruchalski.<\/p>\n\n\n\n<p>W zawodach uczestniczyli gospodarz obiektu Pani Beata Dampc Dyrektor Szko\u0142y Podstawowej nr 5, Prezes Wojew\u00f3dzkiego Zrzeszenia Handlu i Us\u0142ug O\/Wejherowo Pan Ryszard Klinczykowski oraz V-ce Prezes Polskiego Zwi\u0105zku Sportu Niepe\u0142nosprawnych \u201eSTART\u201d b\u0119d\u0105cy jednocze\u015bnie V-ce Prezesem Polskiego Komitetu Paraolimpijskiego w Warszawie Pan Eugeniusz Grabowski, kt\u00f3ry dokona\u0142 oficjalnego otwarcia Mistrzostw Powiatu Wejherowskiego w Boccia.<\/p>\n\n\n\n<p>W Mistrzostwach wzi\u0119\u0142o udzia\u0142 rekordowa ilo\u015b\u0107 zawodniczek i zawodnik\u00f3w realizuj\u0105c\u00a0a\u017c 99 osobostart\u00f3w z ca\u0142ego naszego powiatu Wejherowskiego.<\/p>\n\n\n\n<p>Zawody zgodnie z regulaminem rozegrano w 3 kategoriach: niepe\u0142nosprawni, zdrowi, oraz \u201eopen\u201d, kt\u00f3re bardzo sprawnie przeprowadzi\u0142a Komisja S\u0119dziowska w sk\u0142adzie:<\/p>\n\n\n\n<p>Ma\u0142gorzata Mika i Waldemar Konik.<\/p>\n\n\n\n<p><strong>Wyniki ko\u0144cowe:<\/strong><\/p>\n\n\n\n<p><strong>Grupa A &nbsp; &nbsp; &nbsp;<\/strong>&nbsp;&nbsp; I m. &nbsp;&#8211; &nbsp;Gra\u017cyna Mikuta<\/p>\n\n\n\n<p>&nbsp; &nbsp; &nbsp; &nbsp; &nbsp; &nbsp; &nbsp; &nbsp; &nbsp; &nbsp; &nbsp; &nbsp; &nbsp;II m. &nbsp;&#8211; &nbsp;Jan Z\u0119bko<\/p>\n\n\n\n<p>&nbsp; &nbsp; &nbsp; &nbsp; &nbsp; &nbsp; &nbsp; &nbsp; &nbsp; &nbsp; &nbsp; &nbsp;&nbsp;III m. &nbsp;&#8211; &nbsp;Arkadiusz Wi\u015bniewski<\/p>\n\n\n\n<p><strong>Grupa B &nbsp; &nbsp; &nbsp; &nbsp; &nbsp;<\/strong>I m. &nbsp;&#8211; &nbsp;Krzysztof Wi\u015bniewski<\/p>\n\n\n\n<p>&nbsp; &nbsp; &nbsp; &nbsp; &nbsp; &nbsp; &nbsp; &nbsp; &nbsp; &nbsp; &nbsp; &nbsp; &nbsp;&nbsp;II m. &nbsp;&#8211; &nbsp;El\u017cbieta Dettlaff<\/p>\n\n\n\n<p>&nbsp; &nbsp; &nbsp; &nbsp; &nbsp; &nbsp; &nbsp; &nbsp; &nbsp; &nbsp; &nbsp; &nbsp; &nbsp;III m. &nbsp;&#8211; &nbsp;Lea Grose<\/p>\n\n\n\n<p><strong>Grupa C &nbsp;<\/strong>&nbsp;&nbsp; &nbsp; &nbsp; &nbsp;I m. &nbsp;&#8211; &nbsp;Jan Z\u0119bko<\/p>\n\n\n\n<p>&nbsp; &nbsp; &nbsp; &nbsp; &nbsp; &nbsp; &nbsp; &nbsp; &nbsp; &nbsp; &nbsp; &nbsp; &nbsp;&nbsp;II m. &nbsp;&#8211; &nbsp;Jaros\u0142aw Kwiatkowski<\/p>\n\n\n\n<p>&nbsp; &nbsp; &nbsp; &nbsp; &nbsp; &nbsp; &nbsp; &nbsp; &nbsp; &nbsp; &nbsp; &nbsp; &nbsp;III m. &nbsp;&#8211; &nbsp;Helena Szpunar<\/p>\n\n\n\n<p>Zwyci\u0119zcy w poszczeg\u00f3lnych grupach od I \u2013 III m. otrzymali puchary, nagrody rzeczowe oraz wszyscy uczestnicy okoliczno\u015bciowe medale ufundowane przez Zarz\u0105d Powiatu Wejherowskiego za co w imieniu sportowc\u00f3w serdecznie dzi\u0119kujemy.<\/p>\n\n\n\n<p>Zawody przebiega\u0142y w mi\u0142ej sportowej atmosferze na hali przystosowanej dla os\u00f3b niepe\u0142nosprawnych a organizator oraz uczestnicy pragn\u0105 w spos\u00f3b szczeg\u00f3lny podzi\u0119kowa\u0107 Pani Beacie Dampc Dyr. Szko\u0142y Podstawowej nr 5 za stworzenie bardzo dobrych warunk\u00f3w lokalowych do rozegrania tej imprezy.<\/p>\n","protected":false},"excerpt":{"rendered":"<p>W dniu 20.10.2024 r. na obiektach sportowych Szko\u0142y Podstawowej nr 5\u00a0w Wejherowie ul. Gda\u0144ska 30 odby\u0142y si\u0119 \u201eOtwarte Mistrzostwa Powiatu Wejherowskiego o Puchar Starosty w Boccia.\u201d W imieniu organizator\u00f3w, wszystkich uczestnik\u00f3w mistrzostw oraz zaproszonych go\u015bci powita\u0142 Prezes ISS \u201eSTART\u201d Wejherowo Krzysztof Ruchalski. W zawodach uczestniczyli gospodarz obiektu Pani Beata Dampc Dyrektor Szko\u0142y Podstawowej nr 5, [&hellip;]<\/p>\n","protected":false},"author":2,"featured_media":0,"comment_status":"open","ping_status":"open","sticky":false,"template":"","format":"standard","meta":{"ngg_post_thumbnail":0},"categories":[1],"tags":[],"_links":{"self":[{"href":"http:\/\/startwejherowo.pl\/index.php?rest_route=\/wp\/v2\/posts\/1535"}],"collection":[{"href":"http:\/\/startwejherowo.pl\/index.php?rest_route=\/wp\/v2\/posts"}],"about":[{"href":"http:\/\/startwejherowo.pl\/index.php?rest_route=\/wp\/v2\/types\/post"}],"author":[{"embeddable":true,"href":"http:\/\/startwejherowo.pl\/index.php?rest_route=\/wp\/v2\/users\/2"}],"replies":[{"embeddable":true,"href":"http:\/\/startwejherowo.pl\/index.php?rest_route=%2Fwp%2Fv2%2Fcomments&post=1535"}],"version-history":[{"count":1,"href":"http:\/\/startwejherowo.pl\/index.php?rest_route=\/wp\/v2\/posts\/1535\/revisions"}],"predecessor-version":[{"id":1537,"href":"http:\/\/startwejherowo.pl\/index.php?rest_route=\/wp\/v2\/posts\/1535\/revisions\/1537"}],"wp:attachment":[{"href":"http:\/\/startwejherowo.pl\/index.php?rest_route=%2Fwp%2Fv2%2Fmedia&parent=1535"}],"wp:term":[{"taxonomy":"category","embeddable":true,"href":"http:\/\/startwejherowo.pl\/index.php?rest_route=%2Fwp%2Fv2%2Fcategories&post=1535"},{"taxonomy":"post_tag","embeddable":true,"href":"http:\/\/startwejherowo.pl\/index.php?rest_route=%2Fwp%2Fv2%2Ftags&post=1535"}],"curies":[{"name":"wp","href":"https:\/\/api.w.org\/{rel}","templated":true}]}}