{"id":1548,"date":"2024-11-22T18:37:42","date_gmt":"2024-11-22T18:37:42","guid":{"rendered":"http:\/\/startwejherowo.pl\/?p=1548"},"modified":"2024-11-22T18:37:42","modified_gmt":"2024-11-22T18:37:42","slug":"mistrzostwa-polski-niepelnosprawnych-w-szachach-aktywnych-2024","status":"publish","type":"post","link":"http:\/\/startwejherowo.pl\/?p=1548","title":{"rendered":"Mistrzostwa Polski Niepe\u0142nosprawnych w Szachach Aktywnych 2024"},"content":{"rendered":"\n<figure class=\"wp-block-image size-full is-resized\"><a href=\"http:\/\/startwejherowo.pl\/wp-content\/uploads\/2024\/11\/PHOTO-2024-11-19-18-03-46.jpg\"><img loading=\"lazy\" src=\"http:\/\/startwejherowo.pl\/wp-content\/uploads\/2024\/11\/PHOTO-2024-11-19-18-03-46.jpg\" alt=\"\" class=\"wp-image-1541\" width=\"600\" height=\"625\" srcset=\"http:\/\/startwejherowo.pl\/wp-content\/uploads\/2024\/11\/PHOTO-2024-11-19-18-03-46.jpg 726w, http:\/\/startwejherowo.pl\/wp-content\/uploads\/2024\/11\/PHOTO-2024-11-19-18-03-46-288x300.jpg 288w\" sizes=\"(max-width: 600px) 100vw, 600px\" \/><\/a><\/figure>\n\n\n\n<p>W dniach 08-11.11.2024 r. w miejscowo\u015bci Brok k\/Warszawy odby\u0142y si\u0119 Mistrzostwa Polski Niepe\u0142nosprawnych na 2024 r. w Szachach Aktywnych, w kt\u00f3rych wzi\u0119\u0142o udzia\u0142 51 zawodnik\u00f3w z ca\u0142ej Polski w tym 3 reprezentant\u00f3w wejherowskiego STARTU: Marek Uzia\u0142ko, Bogdan \u017bminda i Jaros\u0142aw Rajtar.<\/p>\n\n\n\n<p>&nbsp;&nbsp;&nbsp;Turniej rozegrano w 9 rundach systemem \u201eszwajcarskim\u201d zgodnie z mi\u0119dzynarodowymi przepisami FIDE.<\/p>\n\n\n\n<p>Wyniki ko\u0144cowe;<\/p>\n\n\n\n<p>A. kat. og\u00f3lna \u201eopen\u201d<\/p>\n\n\n\n<p>&nbsp;&nbsp;&nbsp;&nbsp;I.m. &#8211; &nbsp;Murawski Eugeniusz &nbsp;&nbsp;&#8211; &nbsp;UKS Skoczek Milicz &nbsp;&nbsp;&#8211; &nbsp;&nbsp;6,5 pkt.<\/p>\n\n\n\n<p>&nbsp;&nbsp;&nbsp;II.m. &#8211; &nbsp;Migala Andrzej &nbsp;&nbsp;&#8211; &nbsp;&nbsp;MLKS Ostr\u00f3dzianka Ostr\u00f3da &nbsp;&nbsp;&#8211; &nbsp;&nbsp;6,5 pkt<\/p>\n\n\n\n<p>&nbsp;&nbsp;III.m. &#8211;&nbsp;\u017bminda Bogdan &nbsp;&nbsp;&#8211; &nbsp;&nbsp;ISS \u201eSTART\u201d Wejherowo &nbsp;&nbsp;&#8211; &nbsp;&nbsp;6,5 &nbsp;&nbsp;pkt&nbsp;<\/p>\n\n\n\n<p>&nbsp;&nbsp;natomiast Uzia\u0142ko Marek zaj\u0105\u0142 14 m. &nbsp;&nbsp;&#8211; 5,5 &nbsp;&nbsp;pkt i Rajtar Jaros\u0142aw &nbsp;32 m. &nbsp;&nbsp;&#8211; &nbsp;4,0 pkt&nbsp;<\/p>\n\n\n\n<p>B. kat. \u201esenior 65 +\u201d<\/p>\n\n\n\n<p>&nbsp;&nbsp;&nbsp;4 m. zaj\u0105\u0142 Uzia\u0142ko Marek &nbsp;&#8211; &nbsp;5,5 pkt &nbsp;natomiast Rajtar Jaros\u0142aw zaj\u0105\u0142 17 m. \u2013 4,0 pkt<\/p>\n\n\n\n<p>Wyjazd wejherowskich zawodnik\u00f3w sfinansowa\u0142 ISS \u201eSTART\u201d Wejherowo<\/p>\n\n\n\n<figure class=\"wp-block-image size-full is-resized\"><a href=\"http:\/\/startwejherowo.pl\/wp-content\/uploads\/2024\/11\/PHOTO-2024-11-19-18-04-09.jpg\"><img loading=\"lazy\" src=\"http:\/\/startwejherowo.pl\/wp-content\/uploads\/2024\/11\/PHOTO-2024-11-19-18-04-09.jpg\" alt=\"\" class=\"wp-image-1542\" width=\"600\" height=\"450\" srcset=\"http:\/\/startwejherowo.pl\/wp-content\/uploads\/2024\/11\/PHOTO-2024-11-19-18-04-09.jpg 917w, http:\/\/startwejherowo.pl\/wp-content\/uploads\/2024\/11\/PHOTO-2024-11-19-18-04-09-300x225.jpg 300w, http:\/\/startwejherowo.pl\/wp-content\/uploads\/2024\/11\/PHOTO-2024-11-19-18-04-09-768x576.jpg 768w\" sizes=\"(max-width: 600px) 100vw, 600px\" \/><\/a><\/figure>\n","protected":false},"excerpt":{"rendered":"<p>W dniach 08-11.11.2024 r. w miejscowo\u015bci Brok k\/Warszawy odby\u0142y si\u0119 Mistrzostwa Polski Niepe\u0142nosprawnych na 2024 r. w Szachach Aktywnych, w kt\u00f3rych wzi\u0119\u0142o udzia\u0142 51 zawodnik\u00f3w z ca\u0142ej Polski w tym 3 reprezentant\u00f3w wejherowskiego STARTU: Marek Uzia\u0142ko, Bogdan \u017bminda i Jaros\u0142aw Rajtar. &nbsp;&nbsp;&nbsp;Turniej rozegrano w 9 rundach systemem \u201eszwajcarskim\u201d zgodnie z mi\u0119dzynarodowymi przepisami FIDE. Wyniki ko\u0144cowe; [&hellip;]<\/p>\n","protected":false},"author":2,"featured_media":0,"comment_status":"open","ping_status":"open","sticky":false,"template":"","format":"standard","meta":{"ngg_post_thumbnail":0},"categories":[6],"tags":[],"_links":{"self":[{"href":"http:\/\/startwejherowo.pl\/index.php?rest_route=\/wp\/v2\/posts\/1548"}],"collection":[{"href":"http:\/\/startwejherowo.pl\/index.php?rest_route=\/wp\/v2\/posts"}],"about":[{"href":"http:\/\/startwejherowo.pl\/index.php?rest_route=\/wp\/v2\/types\/post"}],"author":[{"embeddable":true,"href":"http:\/\/startwejherowo.pl\/index.php?rest_route=\/wp\/v2\/users\/2"}],"replies":[{"embeddable":true,"href":"http:\/\/startwejherowo.pl\/index.php?rest_route=%2Fwp%2Fv2%2Fcomments&post=1548"}],"version-history":[{"count":1,"href":"http:\/\/startwejherowo.pl\/index.php?rest_route=\/wp\/v2\/posts\/1548\/revisions"}],"predecessor-version":[{"id":1549,"href":"http:\/\/startwejherowo.pl\/index.php?rest_route=\/wp\/v2\/posts\/1548\/revisions\/1549"}],"wp:attachment":[{"href":"http:\/\/startwejherowo.pl\/index.php?rest_route=%2Fwp%2Fv2%2Fmedia&parent=1548"}],"wp:term":[{"taxonomy":"category","embeddable":true,"href":"http:\/\/startwejherowo.pl\/index.php?rest_route=%2Fwp%2Fv2%2Fcategories&post=1548"},{"taxonomy":"post_tag","embeddable":true,"href":"http:\/\/startwejherowo.pl\/index.php?rest_route=%2Fwp%2Fv2%2Ftags&post=1548"}],"curies":[{"name":"wp","href":"https:\/\/api.w.org\/{rel}","templated":true}]}}