{"id":1577,"date":"2025-02-02T14:53:08","date_gmt":"2025-02-02T14:53:08","guid":{"rendered":"http:\/\/startwejherowo.pl\/?p=1577"},"modified":"2025-02-02T14:53:08","modified_gmt":"2025-02-02T14:53:08","slug":"spotkanie-z-natalia-partyka","status":"publish","type":"post","link":"http:\/\/startwejherowo.pl\/?p=1577","title":{"rendered":"Spotkanie z Natali\u0105 Partyka"},"content":{"rendered":"\n<figure class=\"wp-block-image size-full is-resized\"><a href=\"http:\/\/startwejherowo.pl\/wp-content\/uploads\/2025\/02\/9f86c964-5cd8-44de-8af2-a44b2be2e22f.jpg\"><img loading=\"lazy\" src=\"http:\/\/startwejherowo.pl\/wp-content\/uploads\/2025\/02\/9f86c964-5cd8-44de-8af2-a44b2be2e22f.jpg\" alt=\"\" class=\"wp-image-1578\" width=\"600\" height=\"449\" srcset=\"http:\/\/startwejherowo.pl\/wp-content\/uploads\/2025\/02\/9f86c964-5cd8-44de-8af2-a44b2be2e22f.jpg 960w, http:\/\/startwejherowo.pl\/wp-content\/uploads\/2025\/02\/9f86c964-5cd8-44de-8af2-a44b2be2e22f-300x225.jpg 300w, http:\/\/startwejherowo.pl\/wp-content\/uploads\/2025\/02\/9f86c964-5cd8-44de-8af2-a44b2be2e22f-768x576.jpg 768w\" sizes=\"(max-width: 600px) 100vw, 600px\" \/><\/a><\/figure>\n\n\n\n<p>W Gda\u0144sku z Natali\u0105 Partyk\u0105 \u2013 2 krotn\u0105 srebrn\u0105 medalistk\u0105 Igrzysk Paraolimpijskich w Pary\u017cu w tenisie sto\u0142owym spotkali si\u0119 Naczelnik Wydzia\u0142u Kultury i Spraw Spo\u0142ecznych Starostwa Powiatowego w\u00a0 Wejherowie Pan Piotr Serocki oraz Prezes ISS \u201eSTART\u201d Wejherowo Krzysztof\u00a0Ruchalski.<\/p>\n\n\n\n<p>Natalia Partyka bra\u0142a udzia\u0142 w 7 Igrzyskach Paraolimpijskich w latach 2000\u00a0Sydney ( gdzie w wieku 11 lat by\u0142a najm\u0142odsz\u0105 zawodniczk\u0105) do 2024 r.\u00a0w Pary\u017cu zdobywaj\u0105c a\u017c 12 medali w tym 6 z\u0142otych, 3 srebrne i 3 br\u0105zowe.<\/p>\n\n\n\n<p>W okresie 1996r. \u2013 2012 r. by\u0142a zawodniczk\u0105 Wejherowskiego \u201eSTARTU\u201d, a obecnie jest Cz\u0142onkiem Honorowym.<\/p>\n\n\n\n<p>W trakcie spotkania opr\u00f3cz wspomnie\u0144 i gratulacji Natalia z\u0142o\u017cy\u0142a\u00a0autografy na sprz\u0119cie sportowym przeznaczonym dla dzieci i m\u0142odzie\u017cy z\u00a0powiatu wejherowskiego.<\/p>\n\n\n\n<p>Dzi\u0119kuj\u0105c Natalii, \u017cyczymy \u00a0 dalszych sukces\u00f3w sportowych.<\/p>\n\n\n\n<figure class=\"wp-block-image size-full is-resized\"><a href=\"http:\/\/startwejherowo.pl\/wp-content\/uploads\/2025\/02\/3ff854fa-e8c8-44c0-9ab1-5def806f8214.jpg\"><img loading=\"lazy\" src=\"http:\/\/startwejherowo.pl\/wp-content\/uploads\/2025\/02\/3ff854fa-e8c8-44c0-9ab1-5def806f8214.jpg\" alt=\"\" class=\"wp-image-1580\" width=\"600\" height=\"450\" srcset=\"http:\/\/startwejherowo.pl\/wp-content\/uploads\/2025\/02\/3ff854fa-e8c8-44c0-9ab1-5def806f8214.jpg 864w, http:\/\/startwejherowo.pl\/wp-content\/uploads\/2025\/02\/3ff854fa-e8c8-44c0-9ab1-5def806f8214-300x225.jpg 300w, http:\/\/startwejherowo.pl\/wp-content\/uploads\/2025\/02\/3ff854fa-e8c8-44c0-9ab1-5def806f8214-768x576.jpg 768w\" sizes=\"(max-width: 600px) 100vw, 600px\" \/><\/a><\/figure>\n\n\n\n<figure class=\"wp-block-image size-large is-resized\"><a href=\"http:\/\/startwejherowo.pl\/wp-content\/uploads\/2025\/02\/9b7c1e4d-8995-4722-a0ea-af7a19ea61fe.jpg\"><img loading=\"lazy\" src=\"http:\/\/startwejherowo.pl\/wp-content\/uploads\/2025\/02\/9b7c1e4d-8995-4722-a0ea-af7a19ea61fe-1024x768.jpg\" alt=\"\" class=\"wp-image-1581\" width=\"600\" height=\"450\" srcset=\"http:\/\/startwejherowo.pl\/wp-content\/uploads\/2025\/02\/9b7c1e4d-8995-4722-a0ea-af7a19ea61fe-1024x768.jpg 1024w, http:\/\/startwejherowo.pl\/wp-content\/uploads\/2025\/02\/9b7c1e4d-8995-4722-a0ea-af7a19ea61fe-300x225.jpg 300w, http:\/\/startwejherowo.pl\/wp-content\/uploads\/2025\/02\/9b7c1e4d-8995-4722-a0ea-af7a19ea61fe-768x576.jpg 768w, http:\/\/startwejherowo.pl\/wp-content\/uploads\/2025\/02\/9b7c1e4d-8995-4722-a0ea-af7a19ea61fe-1536x1152.jpg 1536w, http:\/\/startwejherowo.pl\/wp-content\/uploads\/2025\/02\/9b7c1e4d-8995-4722-a0ea-af7a19ea61fe.jpg 2000w\" sizes=\"(max-width: 600px) 100vw, 600px\" \/><\/a><\/figure>\n\n\n\n<figure class=\"wp-block-image size-large is-resized\"><a href=\"http:\/\/startwejherowo.pl\/wp-content\/uploads\/2025\/02\/fcfd99ab-9908-4f91-a544-aa6ba7d13b22.jpg\"><img loading=\"lazy\" src=\"http:\/\/startwejherowo.pl\/wp-content\/uploads\/2025\/02\/fcfd99ab-9908-4f91-a544-aa6ba7d13b22-1024x768.jpg\" alt=\"\" class=\"wp-image-1582\" width=\"600\" height=\"450\" srcset=\"http:\/\/startwejherowo.pl\/wp-content\/uploads\/2025\/02\/fcfd99ab-9908-4f91-a544-aa6ba7d13b22-1024x768.jpg 1024w, http:\/\/startwejherowo.pl\/wp-content\/uploads\/2025\/02\/fcfd99ab-9908-4f91-a544-aa6ba7d13b22-300x225.jpg 300w, http:\/\/startwejherowo.pl\/wp-content\/uploads\/2025\/02\/fcfd99ab-9908-4f91-a544-aa6ba7d13b22-768x576.jpg 768w, http:\/\/startwejherowo.pl\/wp-content\/uploads\/2025\/02\/fcfd99ab-9908-4f91-a544-aa6ba7d13b22-1536x1152.jpg 1536w, http:\/\/startwejherowo.pl\/wp-content\/uploads\/2025\/02\/fcfd99ab-9908-4f91-a544-aa6ba7d13b22.jpg 2000w\" sizes=\"(max-width: 600px) 100vw, 600px\" \/><\/a><\/figure>\n","protected":false},"excerpt":{"rendered":"<p>W Gda\u0144sku z Natali\u0105 Partyk\u0105 \u2013 2 krotn\u0105 srebrn\u0105 medalistk\u0105 Igrzysk Paraolimpijskich w Pary\u017cu w tenisie sto\u0142owym spotkali si\u0119 Naczelnik Wydzia\u0142u Kultury i Spraw Spo\u0142ecznych Starostwa Powiatowego w\u00a0 Wejherowie Pan Piotr Serocki oraz Prezes ISS \u201eSTART\u201d Wejherowo Krzysztof\u00a0Ruchalski. Natalia Partyka bra\u0142a udzia\u0142 w 7 Igrzyskach Paraolimpijskich w latach 2000\u00a0Sydney ( gdzie w wieku 11 lat [&hellip;]<\/p>\n","protected":false},"author":2,"featured_media":0,"comment_status":"open","ping_status":"open","sticky":false,"template":"","format":"standard","meta":{"ngg_post_thumbnail":0},"categories":[4,7],"tags":[],"_links":{"self":[{"href":"http:\/\/startwejherowo.pl\/index.php?rest_route=\/wp\/v2\/posts\/1577"}],"collection":[{"href":"http:\/\/startwejherowo.pl\/index.php?rest_route=\/wp\/v2\/posts"}],"about":[{"href":"http:\/\/startwejherowo.pl\/index.php?rest_route=\/wp\/v2\/types\/post"}],"author":[{"embeddable":true,"href":"http:\/\/startwejherowo.pl\/index.php?rest_route=\/wp\/v2\/users\/2"}],"replies":[{"embeddable":true,"href":"http:\/\/startwejherowo.pl\/index.php?rest_route=%2Fwp%2Fv2%2Fcomments&post=1577"}],"version-history":[{"count":2,"href":"http:\/\/startwejherowo.pl\/index.php?rest_route=\/wp\/v2\/posts\/1577\/revisions"}],"predecessor-version":[{"id":1583,"href":"http:\/\/startwejherowo.pl\/index.php?rest_route=\/wp\/v2\/posts\/1577\/revisions\/1583"}],"wp:attachment":[{"href":"http:\/\/startwejherowo.pl\/index.php?rest_route=%2Fwp%2Fv2%2Fmedia&parent=1577"}],"wp:term":[{"taxonomy":"category","embeddable":true,"href":"http:\/\/startwejherowo.pl\/index.php?rest_route=%2Fwp%2Fv2%2Fcategories&post=1577"},{"taxonomy":"post_tag","embeddable":true,"href":"http:\/\/startwejherowo.pl\/index.php?rest_route=%2Fwp%2Fv2%2Ftags&post=1577"}],"curies":[{"name":"wp","href":"https:\/\/api.w.org\/{rel}","templated":true}]}}