{"id":1601,"date":"2025-04-16T18:03:44","date_gmt":"2025-04-16T18:03:44","guid":{"rendered":"http:\/\/startwejherowo.pl\/?p=1601"},"modified":"2025-04-16T18:04:15","modified_gmt":"2025-04-16T18:04:15","slug":"ogolnopolskie-zawody-w-boccia-szczecin-04-05-04-2025","status":"publish","type":"post","link":"http:\/\/startwejherowo.pl\/?p=1601","title":{"rendered":"Og\u00f3lnopolskie Zawody w Boccia Szczecin 04-05.04.2025"},"content":{"rendered":"\n<figure class=\"wp-block-image size-large is-resized\"><a href=\"http:\/\/startwejherowo.pl\/wp-content\/uploads\/2025\/04\/boccia-szczecin.jpg\"><img src=\"http:\/\/startwejherowo.pl\/wp-content\/uploads\/2025\/04\/boccia-szczecin-778x1024.jpg\" alt=\"\" class=\"wp-image-1602\" width=\"600\" srcset=\"http:\/\/startwejherowo.pl\/wp-content\/uploads\/2025\/04\/boccia-szczecin-778x1024.jpg 778w, http:\/\/startwejherowo.pl\/wp-content\/uploads\/2025\/04\/boccia-szczecin-228x300.jpg 228w, http:\/\/startwejherowo.pl\/wp-content\/uploads\/2025\/04\/boccia-szczecin-768x1011.jpg 768w, http:\/\/startwejherowo.pl\/wp-content\/uploads\/2025\/04\/boccia-szczecin.jpg 1065w\" sizes=\"(max-width: 778px) 100vw, 778px\" \/><\/a><\/figure>\n\n\n\n<p>W dniach 04-05.04.2025 r. na terenie obiektu sportowego Szko\u0142y Podstawowej nr 35 w Szczecinie&nbsp; odby\u0142y si\u0119 \u201eOg\u00f3lnopolskie Zawody w Bocci\u201d.<\/p>\n\n\n\n<p>W turnieju rywalizowa\u0142o 20 dru\u017cyn z: Jeleniej G\u00f3ry, G\u0142ogowa, Poznania, S\u0142awy, Bydgoszczy, Grudzi\u0105dza, Szczecina i Wejherowa.<\/p>\n\n\n\n<p>Wejherowski \u201eSTART\u201d reprezentowa\u0142a dru\u017cyna w sk\u0142adzie:&nbsp; Wo\u0142odkiewicz Wojciech, Wo\u0142odkiewicz Dorota oraz Puchowski Andrzej.<\/p>\n\n\n\n<p>Zawody odbywa\u0142y si\u0119 w pi\u0119ciu grupach po 6 end\u00f3w. Z grupy wychodzi\u0142a jedna zwyci\u0119ska dru\u017cyna. Fina\u0142y rozgrywano \u201eka\u017cdy z ka\u017cdym\u2019<\/p>\n\n\n\n<p>Dru\u017cyna Wejherowskiego \u201eSTARTU\u201d zaj\u0119\u0142a III miejsce w grupie eliminacyjnej nie wchodz\u0105c do fina\u0142u<\/p>\n\n\n\n<p>Wyjazd zawodnik\u00f3w zosta\u0142 sfinansowany przez PZOSN w Gda\u0144sku ze \u015brodk\u00f3w Urz\u0119du Marsza\u0142kowskiego w Gda\u0144sku oraz ISS \u201eSTART\u201d Wejherowo ze \u015brodk\u00f3w w\u0142asnych.<\/p>\n\n\n\n<p>Organizatorem zawod\u00f3w by\u0142 Klub Sportowy \u201eSTART\u201d Szczecin.<\/p>\n","protected":false},"excerpt":{"rendered":"<p>W dniach 04-05.04.2025 r. na terenie obiektu sportowego Szko\u0142y Podstawowej nr 35 w Szczecinie&nbsp; odby\u0142y si\u0119 \u201eOg\u00f3lnopolskie Zawody w Bocci\u201d. W turnieju rywalizowa\u0142o 20 dru\u017cyn z: Jeleniej G\u00f3ry, G\u0142ogowa, Poznania, S\u0142awy, Bydgoszczy, Grudzi\u0105dza, Szczecina i Wejherowa. Wejherowski \u201eSTART\u201d reprezentowa\u0142a dru\u017cyna w sk\u0142adzie:&nbsp; Wo\u0142odkiewicz Wojciech, Wo\u0142odkiewicz Dorota oraz Puchowski Andrzej. Zawody odbywa\u0142y si\u0119 w pi\u0119ciu grupach [&hellip;]<\/p>\n","protected":false},"author":2,"featured_media":0,"comment_status":"open","ping_status":"open","sticky":false,"template":"","format":"standard","meta":{"ngg_post_thumbnail":0},"categories":[5],"tags":[],"_links":{"self":[{"href":"http:\/\/startwejherowo.pl\/index.php?rest_route=\/wp\/v2\/posts\/1601"}],"collection":[{"href":"http:\/\/startwejherowo.pl\/index.php?rest_route=\/wp\/v2\/posts"}],"about":[{"href":"http:\/\/startwejherowo.pl\/index.php?rest_route=\/wp\/v2\/types\/post"}],"author":[{"embeddable":true,"href":"http:\/\/startwejherowo.pl\/index.php?rest_route=\/wp\/v2\/users\/2"}],"replies":[{"embeddable":true,"href":"http:\/\/startwejherowo.pl\/index.php?rest_route=%2Fwp%2Fv2%2Fcomments&post=1601"}],"version-history":[{"count":1,"href":"http:\/\/startwejherowo.pl\/index.php?rest_route=\/wp\/v2\/posts\/1601\/revisions"}],"predecessor-version":[{"id":1603,"href":"http:\/\/startwejherowo.pl\/index.php?rest_route=\/wp\/v2\/posts\/1601\/revisions\/1603"}],"wp:attachment":[{"href":"http:\/\/startwejherowo.pl\/index.php?rest_route=%2Fwp%2Fv2%2Fmedia&parent=1601"}],"wp:term":[{"taxonomy":"category","embeddable":true,"href":"http:\/\/startwejherowo.pl\/index.php?rest_route=%2Fwp%2Fv2%2Fcategories&post=1601"},{"taxonomy":"post_tag","embeddable":true,"href":"http:\/\/startwejherowo.pl\/index.php?rest_route=%2Fwp%2Fv2%2Ftags&post=1601"}],"curies":[{"name":"wp","href":"https:\/\/api.w.org\/{rel}","templated":true}]}}