{"id":1616,"date":"2025-05-30T10:41:05","date_gmt":"2025-05-30T10:41:05","guid":{"rendered":"http:\/\/startwejherowo.pl\/?p=1616"},"modified":"2025-05-30T10:41:05","modified_gmt":"2025-05-30T10:41:05","slug":"zawody-sportowe-osob-niepelnosprawnych-w-tenisie-stolowym-i-boccia-wladyslawowo-16-18-05-2025","status":"publish","type":"post","link":"http:\/\/startwejherowo.pl\/?p=1616","title":{"rendered":"Zawody Sportowe Os\u00f3b Niepe\u0142nosprawnych w Tenisie Sto\u0142owym i Boccia &#8211; W\u0142adys\u0142awowo 16-18.05.2025"},"content":{"rendered":"\n<figure class=\"wp-block-image size-large is-resized\"><a href=\"http:\/\/galeria.startwejherowo.pl\/index.php?\/category\/71\"><img loading=\"lazy\" src=\"http:\/\/startwejherowo.pl\/wp-content\/uploads\/2025\/05\/54-1024x768.jpg\" alt=\"\" class=\"wp-image-1619\" width=\"601\" height=\"451\" srcset=\"http:\/\/startwejherowo.pl\/wp-content\/uploads\/2025\/05\/54-1024x768.jpg 1024w, http:\/\/startwejherowo.pl\/wp-content\/uploads\/2025\/05\/54-300x225.jpg 300w, http:\/\/startwejherowo.pl\/wp-content\/uploads\/2025\/05\/54-768x576.jpg 768w, http:\/\/startwejherowo.pl\/wp-content\/uploads\/2025\/05\/54.jpg 1366w\" sizes=\"(max-width: 601px) 100vw, 601px\" \/><\/a><\/figure>\n\n\n\n<p> W dniach 16-18.05.2025 r. w O\u015brodku Wczasowym \u201eWilla Pomorzanka\u201d we W\u0142adys\u0142awowie odby\u0142y si\u0119 \u201eZawody Sportowe Os\u00f3b Niepe\u0142nosprawnych w Tenisie Sto\u0142owym i Boccia\u201d.<\/p>\n\n\n\n<p>W zawodach wzi\u0119\u0142o udzia\u0142 20 zawodnik\u00f3w z naszego powiatu Wejherowskiego.<\/p>\n\n\n\n<p>Zawody by\u0142y rozegrane w dw\u00f3ch dyscyplinach: Tenisa sto\u0142owego i Boccia w dw\u00f3ch grupach eliminacyjnych systemem \u201e ka\u017cdy z ka\u017cdym\u201d.<\/p>\n\n\n\n<p>Rozgrywki przebiega\u0142y w mi\u0142ej sportowej atmosferze po\u0142\u0105czonej z biesiad\u0105 zwi\u0105zan\u0105 z regionem Kaszub i nie stwierdzono \u017cadnych uraz\u00f3w ani kontuzji oraz zg\u0142osze\u0144 innych problem\u00f3w zdrowotnych.<\/p>\n\n\n\n<p>Podsumowania dokonano po zako\u0144czeniu zawod\u00f3w w dn. 18.05.2025 r.<\/p>\n\n\n\n<p>Zwyci\u0119zcy otrzymali puchary a wszyscy zawodnicy medale okoliczno\u015bciowe.<\/p>\n\n\n\n<p>Organizatorem zawod\u00f3w by\u0142o Integracyjne Stowarzyszenie Sportowe \u201eSTART\u201d Wejherowo przy znacznym wsparciu finansowym PFRON, kt\u00f3remu w imieniu sportowc\u00f3w niepe\u0142nosprawnych serdecznie dzi\u0119kujemy.<\/p>\n\n\n\n<p>Wyniki ko\u0144cowe<\/p>\n\n\n\n<p><strong>Tenis Sto\u0142owy<\/strong><\/p>\n\n\n\n<p>   <strong>I m. Kowalczyk Marcin<\/strong><\/p>\n\n\n\n<p>   <strong>II m. Mikuta Zdzis\u0142aw<\/strong><\/p>\n\n\n\n<p><strong>   III m. Artymiak Dariusz<\/strong><\/p>\n\n\n\n<p>W klasyfikacji kobiet I miejsce zaj\u0119\u0142a Dorota Stanke przed Gabriel\u0105 Andrzejewsk\u0105 i Gra\u017cyn\u0105 Mikuta.<\/p>\n\n\n\n<p><strong>Boccia<\/strong><\/p>\n\n\n\n<p>   <strong>I m. Lipowski Ryszard<\/strong><\/p>\n\n\n\n<p>   <strong>II m. Ku\u017ami\u0144ski Franciszek<\/strong><\/p>\n\n\n\n<p><strong>   III m. Mikuta Zdzis\u0142aw<\/strong><\/p>\n","protected":false},"excerpt":{"rendered":"<p>W dniach 16-18.05.2025 r. w O\u015brodku Wczasowym \u201eWilla Pomorzanka\u201d we W\u0142adys\u0142awowie odby\u0142y si\u0119 \u201eZawody Sportowe Os\u00f3b Niepe\u0142nosprawnych w Tenisie Sto\u0142owym i Boccia\u201d. W zawodach wzi\u0119\u0142o udzia\u0142 20 zawodnik\u00f3w z naszego powiatu Wejherowskiego. Zawody by\u0142y rozegrane w dw\u00f3ch dyscyplinach: Tenisa sto\u0142owego i Boccia w dw\u00f3ch grupach eliminacyjnych systemem \u201e ka\u017cdy z ka\u017cdym\u201d. Rozgrywki przebiega\u0142y w mi\u0142ej [&hellip;]<\/p>\n","protected":false},"author":2,"featured_media":0,"comment_status":"open","ping_status":"open","sticky":false,"template":"","format":"standard","meta":{"ngg_post_thumbnail":0},"categories":[5,7],"tags":[],"_links":{"self":[{"href":"http:\/\/startwejherowo.pl\/index.php?rest_route=\/wp\/v2\/posts\/1616"}],"collection":[{"href":"http:\/\/startwejherowo.pl\/index.php?rest_route=\/wp\/v2\/posts"}],"about":[{"href":"http:\/\/startwejherowo.pl\/index.php?rest_route=\/wp\/v2\/types\/post"}],"author":[{"embeddable":true,"href":"http:\/\/startwejherowo.pl\/index.php?rest_route=\/wp\/v2\/users\/2"}],"replies":[{"embeddable":true,"href":"http:\/\/startwejherowo.pl\/index.php?rest_route=%2Fwp%2Fv2%2Fcomments&post=1616"}],"version-history":[{"count":3,"href":"http:\/\/startwejherowo.pl\/index.php?rest_route=\/wp\/v2\/posts\/1616\/revisions"}],"predecessor-version":[{"id":1620,"href":"http:\/\/startwejherowo.pl\/index.php?rest_route=\/wp\/v2\/posts\/1616\/revisions\/1620"}],"wp:attachment":[{"href":"http:\/\/startwejherowo.pl\/index.php?rest_route=%2Fwp%2Fv2%2Fmedia&parent=1616"}],"wp:term":[{"taxonomy":"category","embeddable":true,"href":"http:\/\/startwejherowo.pl\/index.php?rest_route=%2Fwp%2Fv2%2Fcategories&post=1616"},{"taxonomy":"post_tag","embeddable":true,"href":"http:\/\/startwejherowo.pl\/index.php?rest_route=%2Fwp%2Fv2%2Ftags&post=1616"}],"curies":[{"name":"wp","href":"https:\/\/api.w.org\/{rel}","templated":true}]}}