{"id":1622,"date":"2025-09-20T17:35:31","date_gmt":"2025-09-20T17:35:31","guid":{"rendered":"http:\/\/startwejherowo.pl\/?p=1622"},"modified":"2025-09-20T17:35:31","modified_gmt":"2025-09-20T17:35:31","slug":"pozegnanie-trenerki-tenisa-stolowego","status":"publish","type":"post","link":"http:\/\/startwejherowo.pl\/?p=1622","title":{"rendered":"Po\u017cegnanie trenerki tenisa sto\u0142owego"},"content":{"rendered":"\n<figure class=\"wp-block-image size-large is-resized\"><a href=\"http:\/\/galeria.startwejherowo.pl\/index.php?\/category\/72\"><img loading=\"lazy\" src=\"http:\/\/startwejherowo.pl\/wp-content\/uploads\/2025\/09\/20250902_180707-1024x768.jpg\" alt=\"\" class=\"wp-image-1623\" width=\"601\" height=\"450\" srcset=\"http:\/\/startwejherowo.pl\/wp-content\/uploads\/2025\/09\/20250902_180707-1024x768.jpg 1024w, http:\/\/startwejherowo.pl\/wp-content\/uploads\/2025\/09\/20250902_180707-300x225.jpg 300w, http:\/\/startwejherowo.pl\/wp-content\/uploads\/2025\/09\/20250902_180707-768x576.jpg 768w, http:\/\/startwejherowo.pl\/wp-content\/uploads\/2025\/09\/20250902_180707.jpg 1366w\" sizes=\"(max-width: 601px) 100vw, 601px\" \/><\/a><\/figure>\n\n\n\n<p>W dniu 2-go wrze\u015bnia 2025 r. przed treningiem Tenisa Sto\u0142owego po\u017cegnali\u015bmy trenerk\u0119 Pani\u0105 mgr Ma\u0142gorzat\u0119 Mik\u0119, kt\u00f3ra odesz\u0142a na roczny urlop zdrowotny wynikaj\u0105cy z Karty Nauczyciela.<\/p>\n\n\n\n<p>W imieniu w\u0142asnym i zawodnik\u00f3w Prezes Zarz\u0105du&nbsp; Pan Krzysztof Ruchalski podzi\u0119kowa\u0142 trenerce za dobr\u0105 wsp\u00f3\u0142prac\u0119 i w\u0142o\u017cony trud \u017cycz\u0105c du\u017co zdrowia, wszelkiej pomy\u015blno\u015bci oraz wr\u0119czy\u0142 symboliczn\u0105 wi\u0105zank\u0119 kwiat\u00f3w.&nbsp;<\/p>\n","protected":false},"excerpt":{"rendered":"<p>W dniu 2-go wrze\u015bnia 2025 r. przed treningiem Tenisa Sto\u0142owego po\u017cegnali\u015bmy trenerk\u0119 Pani\u0105 mgr Ma\u0142gorzat\u0119 Mik\u0119, kt\u00f3ra odesz\u0142a na roczny urlop zdrowotny wynikaj\u0105cy z Karty Nauczyciela. W imieniu w\u0142asnym i zawodnik\u00f3w Prezes Zarz\u0105du&nbsp; Pan Krzysztof Ruchalski podzi\u0119kowa\u0142 trenerce za dobr\u0105 wsp\u00f3\u0142prac\u0119 i w\u0142o\u017cony trud \u017cycz\u0105c du\u017co zdrowia, wszelkiej pomy\u015blno\u015bci oraz wr\u0119czy\u0142 symboliczn\u0105 wi\u0105zank\u0119 kwiat\u00f3w.&nbsp;<\/p>\n","protected":false},"author":2,"featured_media":0,"comment_status":"open","ping_status":"open","sticky":false,"template":"","format":"standard","meta":{"ngg_post_thumbnail":0},"categories":[4,7],"tags":[],"_links":{"self":[{"href":"http:\/\/startwejherowo.pl\/index.php?rest_route=\/wp\/v2\/posts\/1622"}],"collection":[{"href":"http:\/\/startwejherowo.pl\/index.php?rest_route=\/wp\/v2\/posts"}],"about":[{"href":"http:\/\/startwejherowo.pl\/index.php?rest_route=\/wp\/v2\/types\/post"}],"author":[{"embeddable":true,"href":"http:\/\/startwejherowo.pl\/index.php?rest_route=\/wp\/v2\/users\/2"}],"replies":[{"embeddable":true,"href":"http:\/\/startwejherowo.pl\/index.php?rest_route=%2Fwp%2Fv2%2Fcomments&post=1622"}],"version-history":[{"count":1,"href":"http:\/\/startwejherowo.pl\/index.php?rest_route=\/wp\/v2\/posts\/1622\/revisions"}],"predecessor-version":[{"id":1624,"href":"http:\/\/startwejherowo.pl\/index.php?rest_route=\/wp\/v2\/posts\/1622\/revisions\/1624"}],"wp:attachment":[{"href":"http:\/\/startwejherowo.pl\/index.php?rest_route=%2Fwp%2Fv2%2Fmedia&parent=1622"}],"wp:term":[{"taxonomy":"category","embeddable":true,"href":"http:\/\/startwejherowo.pl\/index.php?rest_route=%2Fwp%2Fv2%2Fcategories&post=1622"},{"taxonomy":"post_tag","embeddable":true,"href":"http:\/\/startwejherowo.pl\/index.php?rest_route=%2Fwp%2Fv2%2Ftags&post=1622"}],"curies":[{"name":"wp","href":"https:\/\/api.w.org\/{rel}","templated":true}]}}