{"id":1625,"date":"2025-09-20T17:45:02","date_gmt":"2025-09-20T17:45:02","guid":{"rendered":"http:\/\/startwejherowo.pl\/?p=1625"},"modified":"2025-09-20T17:45:02","modified_gmt":"2025-09-20T17:45:02","slug":"i-wejherowska-gielda-stowarzyszen","status":"publish","type":"post","link":"http:\/\/startwejherowo.pl\/?p=1625","title":{"rendered":"I Wejherowska Gie\u0142da Stowarzysze\u0144"},"content":{"rendered":"\n<figure class=\"wp-block-image size-large is-resized\"><a href=\"http:\/\/galeria.startwejherowo.pl\/index.php?\/category\/73\"><img loading=\"lazy\" src=\"http:\/\/startwejherowo.pl\/wp-content\/uploads\/2025\/09\/IMG_9187-1024x768.jpg\" alt=\"\" class=\"wp-image-1626\" width=\"601\" height=\"450\" srcset=\"http:\/\/startwejherowo.pl\/wp-content\/uploads\/2025\/09\/IMG_9187-1024x768.jpg 1024w, http:\/\/startwejherowo.pl\/wp-content\/uploads\/2025\/09\/IMG_9187-300x225.jpg 300w, http:\/\/startwejherowo.pl\/wp-content\/uploads\/2025\/09\/IMG_9187-768x576.jpg 768w, http:\/\/startwejherowo.pl\/wp-content\/uploads\/2025\/09\/IMG_9187-1536x1152.jpg 1536w, http:\/\/startwejherowo.pl\/wp-content\/uploads\/2025\/09\/IMG_9187.jpg 1600w\" sizes=\"(max-width: 601px) 100vw, 601px\" \/><\/a><\/figure>\n\n\n\n<p>W dniu 7 czerwca 2025 r. w Parku Miejskim na polanie piknikowej odby\u0142a si\u0119\u00a0I Wejherowska Gie\u0142da Stowarzysze\u0144 w kt\u00f3rej wzi\u0119\u0142o udzia\u0142 30 organizacji dzia\u0142aj\u0105cych na terenie naszego miasta.<\/p>\n\n\n\n<p>Celem tej imprezy by\u0142o pokazanie mieszka\u0144com Wejherowa Stowarzysze\u0144, kt\u00f3re dzia\u0142aj\u0105 na co dzie\u0144.<\/p>\n\n\n\n<p>Udzia\u0142 w tej Gie\u0142dzie bra\u0142 te\u017c Wejherowski &#8222;START&#8221; a Prezes Zarz\u0105du Pan Krzysztof Ruchalski opowiedzia\u0142 o dzia\u0142alno\u015bci i osi\u0105gni\u0119ciach naszego ISS&#8221;START&#8221; Wejherowo oraz o mo\u017cliwo\u015bci do\u0142\u0105czenia do naszej dzia\u0142alno\u015bci.<\/p>\n\n\n\n<p>Podczas Gie\u0142dy zosta\u0142y nawi\u0105zywane relacje oraz wymiana do\u015bwiadcze\u0144 mi\u0119dzy organizacjami.<\/p>\n\n\n\n<p>Impreza cieszy\u0142a si\u0119 du\u017cym zainteresowaniem poniewa\u017c\u00a0 nie zabrak\u0142o atrakcji w postaci gier i zabaw i nale\u017cy s\u0105dzi\u0107, \u017ce b\u0119dzie kontynuowana w latach nast\u0119pnych.<\/p>\n","protected":false},"excerpt":{"rendered":"<p>W dniu 7 czerwca 2025 r. w Parku Miejskim na polanie piknikowej odby\u0142a si\u0119\u00a0I Wejherowska Gie\u0142da Stowarzysze\u0144 w kt\u00f3rej wzi\u0119\u0142o udzia\u0142 30 organizacji dzia\u0142aj\u0105cych na terenie naszego miasta. Celem tej imprezy by\u0142o pokazanie mieszka\u0144com Wejherowa Stowarzysze\u0144, kt\u00f3re dzia\u0142aj\u0105 na co dzie\u0144. Udzia\u0142 w tej Gie\u0142dzie bra\u0142 te\u017c Wejherowski &#8222;START&#8221; a Prezes Zarz\u0105du Pan Krzysztof Ruchalski [&hellip;]<\/p>\n","protected":false},"author":2,"featured_media":0,"comment_status":"open","ping_status":"open","sticky":false,"template":"","format":"standard","meta":{"ngg_post_thumbnail":0},"categories":[4],"tags":[],"_links":{"self":[{"href":"http:\/\/startwejherowo.pl\/index.php?rest_route=\/wp\/v2\/posts\/1625"}],"collection":[{"href":"http:\/\/startwejherowo.pl\/index.php?rest_route=\/wp\/v2\/posts"}],"about":[{"href":"http:\/\/startwejherowo.pl\/index.php?rest_route=\/wp\/v2\/types\/post"}],"author":[{"embeddable":true,"href":"http:\/\/startwejherowo.pl\/index.php?rest_route=\/wp\/v2\/users\/2"}],"replies":[{"embeddable":true,"href":"http:\/\/startwejherowo.pl\/index.php?rest_route=%2Fwp%2Fv2%2Fcomments&post=1625"}],"version-history":[{"count":1,"href":"http:\/\/startwejherowo.pl\/index.php?rest_route=\/wp\/v2\/posts\/1625\/revisions"}],"predecessor-version":[{"id":1627,"href":"http:\/\/startwejherowo.pl\/index.php?rest_route=\/wp\/v2\/posts\/1625\/revisions\/1627"}],"wp:attachment":[{"href":"http:\/\/startwejherowo.pl\/index.php?rest_route=%2Fwp%2Fv2%2Fmedia&parent=1625"}],"wp:term":[{"taxonomy":"category","embeddable":true,"href":"http:\/\/startwejherowo.pl\/index.php?rest_route=%2Fwp%2Fv2%2Fcategories&post=1625"},{"taxonomy":"post_tag","embeddable":true,"href":"http:\/\/startwejherowo.pl\/index.php?rest_route=%2Fwp%2Fv2%2Ftags&post=1625"}],"curies":[{"name":"wp","href":"https:\/\/api.w.org\/{rel}","templated":true}]}}