{"id":1631,"date":"2025-10-27T20:27:29","date_gmt":"2025-10-27T20:27:29","guid":{"rendered":"http:\/\/startwejherowo.pl\/?p=1631"},"modified":"2025-10-27T20:27:29","modified_gmt":"2025-10-27T20:27:29","slug":"grand-prix-niepelnosprawnych-w-tenisie-stolowym","status":"publish","type":"post","link":"http:\/\/startwejherowo.pl\/?p=1631","title":{"rendered":"Grand Prix Niepe\u0142nosprawnych w Tenisie Sto\u0142owym"},"content":{"rendered":"\n<figure class=\"wp-block-image size-large is-resized\"><a href=\"http:\/\/startwejherowo.pl\/wp-content\/uploads\/2025\/10\/img-20251011-wa0002.jpg\"><img loading=\"lazy\" src=\"http:\/\/startwejherowo.pl\/wp-content\/uploads\/2025\/10\/img-20251011-wa0002-768x1024.jpg\" alt=\"\" class=\"wp-image-1632\" width=\"699\" height=\"932\" srcset=\"http:\/\/startwejherowo.pl\/wp-content\/uploads\/2025\/10\/img-20251011-wa0002-768x1024.jpg 768w, http:\/\/startwejherowo.pl\/wp-content\/uploads\/2025\/10\/img-20251011-wa0002-225x300.jpg 225w, http:\/\/startwejherowo.pl\/wp-content\/uploads\/2025\/10\/img-20251011-wa0002-1152x1536.jpg 1152w, http:\/\/startwejherowo.pl\/wp-content\/uploads\/2025\/10\/img-20251011-wa0002.jpg 1200w\" sizes=\"(max-width: 699px) 100vw, 699px\" \/><\/a><\/figure>\n\n\n\n<p>W dniach 20-21.09.2025 r. w Gda\u0144sku odby\u0142 si\u0119 1 Grand Prix Polski Niepe\u0142nosprawnych w Tenisie Sto\u0142owym oraz w dniach 11-12.10.2025 r. odby\u0142 si\u0119 2 Grand Prix Polski Niepe\u0142nosprawnych w Drzonkowie k\/Zielonej G\u00f3ry z tego cyklu jako eliminacje do Fina\u0142\u00f3w Mistrzostw Polski w 2026 r.<\/p>\n\n\n\n<p>W tych eliminacjach wzi\u0119li udzia\u0142 zawodnicy z ca\u0142ej Polski w tym 4 reprezentant\u00f3w ISS &#8222;START&#8221; Wejherowo; Dorota Stanke, Zdzis\u0142aw Mikuta, Marcin Kowalczyk i Ryszard Lipowski z kt\u00f3rych pierwsza tr\u00f3jka ju\u017c zakwalifikowa\u0142a si\u0119 do udzia\u0142u w przysz\u0142orocznych fina\u0142ach Mistrzostw Polski.<\/p>\n\n\n\n<p>&nbsp; &nbsp; Kolejny 3 Grand Prix Polski odb\u0119dzie si\u0119 w dniach 6-7.12.2025 r. w Krakowie.&nbsp;<\/p>\n\n\n\n<p>&nbsp; &nbsp; &nbsp; &nbsp; &nbsp; &nbsp; &nbsp; &nbsp; &nbsp; &nbsp; &nbsp; &nbsp; &nbsp; &nbsp; &nbsp; &nbsp; &nbsp; &nbsp; &nbsp; &nbsp; &nbsp; &nbsp; &nbsp; &nbsp; &nbsp; &nbsp; &nbsp; &nbsp; &nbsp; &nbsp; &nbsp; &nbsp; &nbsp; &nbsp; &nbsp; &nbsp; &nbsp; &nbsp; &nbsp; &nbsp; &nbsp; Gratulujemy<\/p>\n\n\n\n<figure class=\"wp-block-image size-large is-resized\"><a href=\"http:\/\/startwejherowo.pl\/wp-content\/uploads\/2025\/10\/img-20250920-wa0002.jpg\"><img loading=\"lazy\" src=\"http:\/\/startwejherowo.pl\/wp-content\/uploads\/2025\/10\/img-20250920-wa0002-768x1024.jpg\" alt=\"\" class=\"wp-image-1633\" width=\"701\" height=\"934\" srcset=\"http:\/\/startwejherowo.pl\/wp-content\/uploads\/2025\/10\/img-20250920-wa0002-768x1024.jpg 768w, http:\/\/startwejherowo.pl\/wp-content\/uploads\/2025\/10\/img-20250920-wa0002-225x300.jpg 225w, http:\/\/startwejherowo.pl\/wp-content\/uploads\/2025\/10\/img-20250920-wa0002-1152x1536.jpg 1152w, http:\/\/startwejherowo.pl\/wp-content\/uploads\/2025\/10\/img-20250920-wa0002.jpg 1500w\" sizes=\"(max-width: 701px) 100vw, 701px\" \/><\/a><\/figure>\n\n\n\n<figure class=\"wp-block-image size-large is-resized\"><a href=\"http:\/\/startwejherowo.pl\/wp-content\/uploads\/2025\/10\/img-20250920-wa0003.jpg\"><img loading=\"lazy\" src=\"http:\/\/startwejherowo.pl\/wp-content\/uploads\/2025\/10\/img-20250920-wa0003-768x1024.jpg\" alt=\"\" class=\"wp-image-1634\" width=\"701\" height=\"935\" srcset=\"http:\/\/startwejherowo.pl\/wp-content\/uploads\/2025\/10\/img-20250920-wa0003-768x1024.jpg 768w, http:\/\/startwejherowo.pl\/wp-content\/uploads\/2025\/10\/img-20250920-wa0003-225x300.jpg 225w, http:\/\/startwejherowo.pl\/wp-content\/uploads\/2025\/10\/img-20250920-wa0003-1152x1536.jpg 1152w, http:\/\/startwejherowo.pl\/wp-content\/uploads\/2025\/10\/img-20250920-wa0003.jpg 1500w\" sizes=\"(max-width: 701px) 100vw, 701px\" \/><\/a><\/figure>\n\n\n\n<figure class=\"wp-block-image size-large is-resized\"><a href=\"http:\/\/startwejherowo.pl\/wp-content\/uploads\/2025\/10\/img-20250920-wa0004.jpg\"><img loading=\"lazy\" src=\"http:\/\/startwejherowo.pl\/wp-content\/uploads\/2025\/10\/img-20250920-wa0004-768x1024.jpg\" alt=\"\" class=\"wp-image-1635\" width=\"701\" height=\"935\" srcset=\"http:\/\/startwejherowo.pl\/wp-content\/uploads\/2025\/10\/img-20250920-wa0004-768x1024.jpg 768w, http:\/\/startwejherowo.pl\/wp-content\/uploads\/2025\/10\/img-20250920-wa0004-225x300.jpg 225w, http:\/\/startwejherowo.pl\/wp-content\/uploads\/2025\/10\/img-20250920-wa0004-1152x1536.jpg 1152w, http:\/\/startwejherowo.pl\/wp-content\/uploads\/2025\/10\/img-20250920-wa0004.jpg 1500w\" sizes=\"(max-width: 701px) 100vw, 701px\" \/><\/a><\/figure>\n\n\n\n<figure class=\"wp-block-image size-large is-resized\"><a href=\"http:\/\/startwejherowo.pl\/wp-content\/uploads\/2025\/10\/img-20250920-wa0005.jpg\"><img loading=\"lazy\" src=\"http:\/\/startwejherowo.pl\/wp-content\/uploads\/2025\/10\/img-20250920-wa0005-768x1024.jpg\" alt=\"\" class=\"wp-image-1636\" width=\"701\" height=\"935\" srcset=\"http:\/\/startwejherowo.pl\/wp-content\/uploads\/2025\/10\/img-20250920-wa0005-768x1024.jpg 768w, http:\/\/startwejherowo.pl\/wp-content\/uploads\/2025\/10\/img-20250920-wa0005-225x300.jpg 225w, http:\/\/startwejherowo.pl\/wp-content\/uploads\/2025\/10\/img-20250920-wa0005-1152x1536.jpg 1152w, http:\/\/startwejherowo.pl\/wp-content\/uploads\/2025\/10\/img-20250920-wa0005.jpg 1500w\" sizes=\"(max-width: 701px) 100vw, 701px\" \/><\/a><\/figure>\n","protected":false},"excerpt":{"rendered":"<p>W dniach 20-21.09.2025 r. w Gda\u0144sku odby\u0142 si\u0119 1 Grand Prix Polski Niepe\u0142nosprawnych w Tenisie Sto\u0142owym oraz w dniach 11-12.10.2025 r. odby\u0142 si\u0119 2 Grand Prix Polski Niepe\u0142nosprawnych w Drzonkowie k\/Zielonej G\u00f3ry z tego cyklu jako eliminacje do Fina\u0142\u00f3w Mistrzostw Polski w 2026 r. W tych eliminacjach wzi\u0119li udzia\u0142 zawodnicy z ca\u0142ej Polski w tym [&hellip;]<\/p>\n","protected":false},"author":2,"featured_media":0,"comment_status":"open","ping_status":"open","sticky":false,"template":"","format":"standard","meta":{"ngg_post_thumbnail":0},"categories":[7],"tags":[],"_links":{"self":[{"href":"http:\/\/startwejherowo.pl\/index.php?rest_route=\/wp\/v2\/posts\/1631"}],"collection":[{"href":"http:\/\/startwejherowo.pl\/index.php?rest_route=\/wp\/v2\/posts"}],"about":[{"href":"http:\/\/startwejherowo.pl\/index.php?rest_route=\/wp\/v2\/types\/post"}],"author":[{"embeddable":true,"href":"http:\/\/startwejherowo.pl\/index.php?rest_route=\/wp\/v2\/users\/2"}],"replies":[{"embeddable":true,"href":"http:\/\/startwejherowo.pl\/index.php?rest_route=%2Fwp%2Fv2%2Fcomments&post=1631"}],"version-history":[{"count":1,"href":"http:\/\/startwejherowo.pl\/index.php?rest_route=\/wp\/v2\/posts\/1631\/revisions"}],"predecessor-version":[{"id":1637,"href":"http:\/\/startwejherowo.pl\/index.php?rest_route=\/wp\/v2\/posts\/1631\/revisions\/1637"}],"wp:attachment":[{"href":"http:\/\/startwejherowo.pl\/index.php?rest_route=%2Fwp%2Fv2%2Fmedia&parent=1631"}],"wp:term":[{"taxonomy":"category","embeddable":true,"href":"http:\/\/startwejherowo.pl\/index.php?rest_route=%2Fwp%2Fv2%2Fcategories&post=1631"},{"taxonomy":"post_tag","embeddable":true,"href":"http:\/\/startwejherowo.pl\/index.php?rest_route=%2Fwp%2Fv2%2Ftags&post=1631"}],"curies":[{"name":"wp","href":"https:\/\/api.w.org\/{rel}","templated":true}]}}