{"id":1638,"date":"2025-10-28T19:39:02","date_gmt":"2025-10-28T19:39:02","guid":{"rendered":"http:\/\/startwejherowo.pl\/?p=1638"},"modified":"2025-10-28T19:39:02","modified_gmt":"2025-10-28T19:39:02","slug":"otwarte-mistrzostwa-powiatu-wejherowskiego-o-puchar-starosty-w-boccia-2025","status":"publish","type":"post","link":"http:\/\/startwejherowo.pl\/?p=1638","title":{"rendered":"Otwarte Mistrzostwa Powiatu Wejherowskiego o Puchar Starosty w Boccia 2025"},"content":{"rendered":"\n<figure class=\"wp-block-image size-large is-resized\"><a href=\"http:\/\/galeria.startwejherowo.pl\/index.php?\/category\/74\"><img loading=\"lazy\" src=\"http:\/\/startwejherowo.pl\/wp-content\/uploads\/2025\/10\/15-1024x660.jpg\" alt=\"\" class=\"wp-image-1639\" width=\"701\" height=\"452\" srcset=\"http:\/\/startwejherowo.pl\/wp-content\/uploads\/2025\/10\/15-1024x660.jpg 1024w, http:\/\/startwejherowo.pl\/wp-content\/uploads\/2025\/10\/15-300x193.jpg 300w, http:\/\/startwejherowo.pl\/wp-content\/uploads\/2025\/10\/15-768x495.jpg 768w, http:\/\/startwejherowo.pl\/wp-content\/uploads\/2025\/10\/15-1536x990.jpg 1536w, http:\/\/startwejherowo.pl\/wp-content\/uploads\/2025\/10\/15.jpg 1920w\" sizes=\"(max-width: 701px) 100vw, 701px\" \/><\/a><\/figure>\n\n\n\n<p>W dniu 19.10.2025 r. na obiektach sportowych Szko\u0142y Podstawowej nr 5 w Wejherowie ul. Gda\u0144ska 30 odby\u0142y si\u0119 &#8222;Otwarte Mistrzostwa Powiatu Wejherowskiego o Puchar Starosty w Boccia&#8221;.<\/p>\n\n\n\n<p>W imieniu organizator\u00f3w, wszystkich uczestnik\u00f3w mistrzostw oraz zaproszonych go\u015bci powita\u0142 Prezes ISS &#8222;START&#8221; Wejherowo Krzysztof Ruchalski.<\/p>\n\n\n\n<p>Starosta Wejherowski Pan Marcin Kaczmarek dzi\u0119kuj\u0105c organizatorom za bardzo dobre przygotowanie imprezy dokona\u0142 oficjalnego otwarcia Mistrzostw Powiatu Wejherowskiego w Boccia na 2025 r.<\/p>\n\n\n\n<p>W zawodach uczestniczyli gospodarz obiektu Pani Beata Dampc Dyrektor Szko\u0142y Podstawowej nr 5 oraz Prezes Wojew\u00f3dzkiego Zrzeszenia Handlu i Us\u0142ug o\/Wejherowo Pan Ryszard Kliczykowski.<\/p>\n\n\n\n<p>W\u00a0 mistrzostwach wzi\u0119\u0142o udzia\u0142 du\u017ca ilo\u015b\u0107 zawodniczek i zawodnik\u00f3w realizuj\u0105c a\u017c 88 osobo start\u00f3w\u00a0w 3 kategoriach: niepe\u0142nosprawni, zdrowi oraz &#8222;open&#8217;, kt\u00f3re bardzo sprawnie przeprowadzi\u0142a Komisja S\u0119dziowska w sk\u0142adzie: Ma\u0142gorzata Mika, Waldemar Konik, Dorota Stanke oraz Ryszard Lipowski.<\/p>\n\n\n\n<p>Zwyci\u0119zcy w poszczeg\u00f3lnych grupach od I-III m. otrzymali puchary, nagrody rzeczowe oraz wszyscy uczestnicy okoliczno\u015bciowe medale ufundowane przez Zarz\u0105d Powiatu Wejherowskiego za co w imieniu sportowc\u00f3w serdecznie dzi\u0119kujemy.<\/p>\n\n\n\n<p><strong>Wyniki ko\u0144cowe<\/strong><\/p>\n\n\n\n<p><strong>Grupa A &nbsp; &nbsp; &nbsp; &nbsp; &nbsp; <\/strong>I m. Bo\u017cena Wandtke<\/p>\n\n\n\n<p>&nbsp;&nbsp; &nbsp; &nbsp; &nbsp; &nbsp; &nbsp; &nbsp; &nbsp; &nbsp; &nbsp; &nbsp; &nbsp; II m. Helena Szpunar<\/p>\n\n\n\n<p>&nbsp; &nbsp; &nbsp; &nbsp; &nbsp; &nbsp; &nbsp; &nbsp; &nbsp; &nbsp; &nbsp; &nbsp; III m. Zdzis\u0142aw Mikuta<\/p>\n\n\n\n<p>&nbsp; &nbsp; &nbsp; &nbsp; &nbsp; &nbsp; &nbsp; &nbsp; &nbsp; &nbsp; &nbsp; &nbsp; IV m. Wies\u0142awa Cywi\u0144ska<\/p>\n\n\n\n<p><strong>Grupa B &nbsp; &nbsp;<\/strong> &nbsp; &nbsp; &nbsp; &nbsp; I m. Krzysztof Wi\u015bniewski<\/p>\n\n\n\n<p>&nbsp; &nbsp; &nbsp; &nbsp; &nbsp; &nbsp; &nbsp; &nbsp; &nbsp; &nbsp; &nbsp; &nbsp; &nbsp; II m. Teresa Michalak<\/p>\n\n\n\n<p>&nbsp;&nbsp; &nbsp; &nbsp; &nbsp; &nbsp; &nbsp; &nbsp; &nbsp; &nbsp; &nbsp; &nbsp; &nbsp; III m. Ryszard Sierant<\/p>\n\n\n\n<p>&nbsp;&nbsp; &nbsp; &nbsp; &nbsp; &nbsp; &nbsp; &nbsp; &nbsp; &nbsp; &nbsp; &nbsp; &nbsp; IV m. Zbigniew Jakubowski<\/p>\n\n\n\n<p><strong>Grupa C&nbsp; &nbsp; <\/strong>&nbsp; &nbsp; &nbsp; &nbsp; &nbsp; I m. Ryszard Lipowski<\/p>\n\n\n\n<p>&nbsp;&nbsp; &nbsp; &nbsp; &nbsp; &nbsp; &nbsp; &nbsp; &nbsp; &nbsp; &nbsp; &nbsp; &nbsp; &nbsp; II m. Anna Konik<\/p>\n\n\n\n<p>&nbsp; &nbsp; &nbsp; &nbsp; &nbsp; &nbsp; &nbsp; &nbsp; &nbsp; &nbsp; &nbsp; &nbsp; &nbsp; III m. Ryszard Sierant<\/p>\n\n\n\n<p>&nbsp; &nbsp; &nbsp; &nbsp; &nbsp; &nbsp; &nbsp; &nbsp; &nbsp; &nbsp; &nbsp; &nbsp; &nbsp; IV m. W\u0142adys\u0142aw Wandtke<\/p>\n\n\n\n<p>Zawody przebiega\u0142y w mi\u0142ej sportowej atmosferze na hali przystosowanej dla os\u00f3b niepe\u0142nosprawnych, a\u00a0organizator oraz uczestnicy pragn\u0105 w spos\u00f3b szczeg\u00f3lny podzi\u0119kowa\u0107 Pani Beacie Dampc Dyr. Szko\u0142y Podstawowej nr 5 za stworzenie bardzo dobrych warunk\u00f3w lokalowych do rozegrania tej imprezy.<\/p>\n\n\n\n<p><strong>P.S<\/strong>.<\/p>\n\n\n\n<p><strong>ISS &#8222;START&#8221; Wejherowo og\u0142asza nab\u00f3r os\u00f3b niepe\u0142nosprawnych do sekcji tenisa sto\u0142owegoBli\u017csze informacje pod numerem telefonu\u00a0 607 32 82 62<\/strong><\/p>\n","protected":false},"excerpt":{"rendered":"<p>W dniu 19.10.2025 r. na obiektach sportowych Szko\u0142y Podstawowej nr 5 w Wejherowie ul. Gda\u0144ska 30 odby\u0142y si\u0119 &#8222;Otwarte Mistrzostwa Powiatu Wejherowskiego o Puchar Starosty w Boccia&#8221;. W imieniu organizator\u00f3w, wszystkich uczestnik\u00f3w mistrzostw oraz zaproszonych go\u015bci powita\u0142 Prezes ISS &#8222;START&#8221; Wejherowo Krzysztof Ruchalski. Starosta Wejherowski Pan Marcin Kaczmarek dzi\u0119kuj\u0105c organizatorom za bardzo dobre przygotowanie imprezy [&hellip;]<\/p>\n","protected":false},"author":2,"featured_media":0,"comment_status":"open","ping_status":"open","sticky":false,"template":"","format":"standard","meta":{"ngg_post_thumbnail":0},"categories":[5],"tags":[],"_links":{"self":[{"href":"http:\/\/startwejherowo.pl\/index.php?rest_route=\/wp\/v2\/posts\/1638"}],"collection":[{"href":"http:\/\/startwejherowo.pl\/index.php?rest_route=\/wp\/v2\/posts"}],"about":[{"href":"http:\/\/startwejherowo.pl\/index.php?rest_route=\/wp\/v2\/types\/post"}],"author":[{"embeddable":true,"href":"http:\/\/startwejherowo.pl\/index.php?rest_route=\/wp\/v2\/users\/2"}],"replies":[{"embeddable":true,"href":"http:\/\/startwejherowo.pl\/index.php?rest_route=%2Fwp%2Fv2%2Fcomments&post=1638"}],"version-history":[{"count":1,"href":"http:\/\/startwejherowo.pl\/index.php?rest_route=\/wp\/v2\/posts\/1638\/revisions"}],"predecessor-version":[{"id":1640,"href":"http:\/\/startwejherowo.pl\/index.php?rest_route=\/wp\/v2\/posts\/1638\/revisions\/1640"}],"wp:attachment":[{"href":"http:\/\/startwejherowo.pl\/index.php?rest_route=%2Fwp%2Fv2%2Fmedia&parent=1638"}],"wp:term":[{"taxonomy":"category","embeddable":true,"href":"http:\/\/startwejherowo.pl\/index.php?rest_route=%2Fwp%2Fv2%2Fcategories&post=1638"},{"taxonomy":"post_tag","embeddable":true,"href":"http:\/\/startwejherowo.pl\/index.php?rest_route=%2Fwp%2Fv2%2Ftags&post=1638"}],"curies":[{"name":"wp","href":"https:\/\/api.w.org\/{rel}","templated":true}]}}