{"id":1661,"date":"2026-01-12T15:27:56","date_gmt":"2026-01-12T15:27:56","guid":{"rendered":"http:\/\/startwejherowo.pl\/?p=1661"},"modified":"2026-01-12T15:27:56","modified_gmt":"2026-01-12T15:27:56","slug":"ogolnopolskie-zawody-sportowe-grudziadz-28-30-11-2025","status":"publish","type":"post","link":"http:\/\/startwejherowo.pl\/?p=1661","title":{"rendered":"Og\u00f3lnopolskie Zawody Sportowe Grudzi\u0105dz 28-30.11.2025"},"content":{"rendered":"\n<figure class=\"wp-block-image size-large is-resized\"><a href=\"http:\/\/galeria.startwejherowo.pl\/index.php?\/category\/78\"><img loading=\"lazy\" src=\"http:\/\/startwejherowo.pl\/wp-content\/uploads\/2026\/01\/img-20260103-wa0007-1024x594.jpg\" alt=\"\" class=\"wp-image-1662\" width=\"603\" height=\"349\" srcset=\"http:\/\/startwejherowo.pl\/wp-content\/uploads\/2026\/01\/img-20260103-wa0007-1024x594.jpg 1024w, http:\/\/startwejherowo.pl\/wp-content\/uploads\/2026\/01\/img-20260103-wa0007-300x174.jpg 300w, http:\/\/startwejherowo.pl\/wp-content\/uploads\/2026\/01\/img-20260103-wa0007-768x446.jpg 768w, http:\/\/startwejherowo.pl\/wp-content\/uploads\/2026\/01\/img-20260103-wa0007-1536x891.jpg 1536w, http:\/\/startwejherowo.pl\/wp-content\/uploads\/2026\/01\/img-20260103-wa0007.jpg 1582w\" sizes=\"(max-width: 603px) 100vw, 603px\" \/><\/a><\/figure>\n\n\n\n<p>W dniach 28-30.11.2025 r. w Grudzi\u0105dzu odby\u0142y si\u0119 Og\u00f3lnopolskie Zawody Sportowe organizowane w ramach obchod\u00f3w \u015awiatowego Dnia Po\u015bwi\u0119conego Osobom Niepe\u0142nosprawnym.<\/p>\n\n\n\n<p>W dyscyplinie Baccia udzia\u0142 wzi\u0119\u0142o 9 zespo\u0142\u00f3w z Bydgoszczy, Grudzi\u0105dza, Wejherowa, Gda\u0144ska oraz Pozezdrza.<\/p>\n\n\n\n<p>Wejherowski \u201eSTART\u201d reprezentowali: Ku\u017ami\u0144ski Franciszek, Karwasz Barbara i Cywi\u0144ska Wies\u0142awa.<\/p>\n\n\n\n<p>Zawody rozegrano w dw\u00f3ch grupach graj\u0105c ka\u017cdy z ka\u017cdym.<\/p>\n\n\n\n<p>Rozgrywki odby\u0142y si\u0119 w Hali Sportowej \u201eOLIMPIA\u201d w Grudzi\u0105dzu.<\/p>\n\n\n\n<p>Wyniki ko\u0144cowe:<\/p>\n\n\n\n<p>&nbsp; &nbsp; &nbsp; I.m. &nbsp; &#8211; &nbsp; \u201eNIKE\u201d Bydgoszcz<\/p>\n\n\n\n<p>&nbsp; &nbsp; II.m. &nbsp; \u2013 &nbsp; LKS AMATORS Pozezdrze<\/p>\n\n\n\n<p>&nbsp;&nbsp; III.m. &nbsp; \u2013 \u201eSTART\u201d Wejherowo<\/p>\n\n\n\n<p>G\u0142\u00f3wnym organizatorem by\u0142 Polski Zwi\u0105zek Sportu Niepe\u0142nosprawnych w Warszawie oraz Centrum Rehabilitacji im. Ks. Biskupa Jana Hrapka w Grudzi\u0105dzu.<\/p>\n\n\n\n<p>Zawody dofinansowano ze \u015brodk\u00f3w Ministerstwa Sportu i Turystyki.<\/p>\n","protected":false},"excerpt":{"rendered":"<p>W dniach 28-30.11.2025 r. w Grudzi\u0105dzu odby\u0142y si\u0119 Og\u00f3lnopolskie Zawody Sportowe organizowane w ramach obchod\u00f3w \u015awiatowego Dnia Po\u015bwi\u0119conego Osobom Niepe\u0142nosprawnym. W dyscyplinie Baccia udzia\u0142 wzi\u0119\u0142o 9 zespo\u0142\u00f3w z Bydgoszczy, Grudzi\u0105dza, Wejherowa, Gda\u0144ska oraz Pozezdrza. Wejherowski \u201eSTART\u201d reprezentowali: Ku\u017ami\u0144ski Franciszek, Karwasz Barbara i Cywi\u0144ska Wies\u0142awa. Zawody rozegrano w dw\u00f3ch grupach graj\u0105c ka\u017cdy z ka\u017cdym. Rozgrywki odby\u0142y [&hellip;]<\/p>\n","protected":false},"author":2,"featured_media":0,"comment_status":"open","ping_status":"open","sticky":false,"template":"","format":"standard","meta":{"ngg_post_thumbnail":0},"categories":[4],"tags":[],"_links":{"self":[{"href":"http:\/\/startwejherowo.pl\/index.php?rest_route=\/wp\/v2\/posts\/1661"}],"collection":[{"href":"http:\/\/startwejherowo.pl\/index.php?rest_route=\/wp\/v2\/posts"}],"about":[{"href":"http:\/\/startwejherowo.pl\/index.php?rest_route=\/wp\/v2\/types\/post"}],"author":[{"embeddable":true,"href":"http:\/\/startwejherowo.pl\/index.php?rest_route=\/wp\/v2\/users\/2"}],"replies":[{"embeddable":true,"href":"http:\/\/startwejherowo.pl\/index.php?rest_route=%2Fwp%2Fv2%2Fcomments&post=1661"}],"version-history":[{"count":1,"href":"http:\/\/startwejherowo.pl\/index.php?rest_route=\/wp\/v2\/posts\/1661\/revisions"}],"predecessor-version":[{"id":1663,"href":"http:\/\/startwejherowo.pl\/index.php?rest_route=\/wp\/v2\/posts\/1661\/revisions\/1663"}],"wp:attachment":[{"href":"http:\/\/startwejherowo.pl\/index.php?rest_route=%2Fwp%2Fv2%2Fmedia&parent=1661"}],"wp:term":[{"taxonomy":"category","embeddable":true,"href":"http:\/\/startwejherowo.pl\/index.php?rest_route=%2Fwp%2Fv2%2Fcategories&post=1661"},{"taxonomy":"post_tag","embeddable":true,"href":"http:\/\/startwejherowo.pl\/index.php?rest_route=%2Fwp%2Fv2%2Ftags&post=1661"}],"curies":[{"name":"wp","href":"https:\/\/api.w.org\/{rel}","templated":true}]}}