{"id":184,"date":"2011-06-05T16:51:16","date_gmt":"2011-06-05T16:51:16","guid":{"rendered":"http:\/\/startwejherowo.pl\/?p=184"},"modified":"2011-06-10T15:27:58","modified_gmt":"2011-06-10T15:27:58","slug":"alicja-eigner-mistrzynia-polski","status":"publish","type":"post","link":"http:\/\/startwejherowo.pl\/?p=184","title":{"rendered":"Alicja Eigner mistrzyni\u0105 Polski"},"content":{"rendered":"<p><strong><span style=\"font-family: Times New Roman;\"> <\/span><\/strong><\/p>\n<h1><strong><span style=\"font-family: Times New Roman;\">A.Eigner mistrzyni\u0105 Polski<\/span><\/strong><\/h1>\n<p><span style=\"font-family: Times New Roman;\"> W O\u015brodku Przygotowa\u0144 Olimpijskich w Cetniewie odby\u0142y si\u0119 Indywidualne Mistrzostwa Polski Niepe\u0142nosprawnych w tenisie sto\u0142owym. W zawodach startowa\u0142o 181 zawodniczek i zawodnik\u00f3w z 24 klub\u00f3w z ca\u0142ej Polski.<\/span><\/p>\n<p><span style=\"font-family: Times New Roman;\"> Bardzo dobrze w tych mistrzostwach zaprezentowa\u0142a si\u0119 wejherowianka \u2013 ALICJA EIGNER ( reprezentantka Integracyjnego Stowarzyszenia Sportowego START Wejherowo), kt\u00f3ra w swojej kategorii zdoby\u0142a tytu\u0142 mistrzowski.<\/span><\/p>\n<p><span style=\"font-family: Times New Roman;\"> W grze podw\u00f3jnej kobiet Alicja Eigner i Gabriela Andrzejewska zdoby\u0142y srebrny medal. <\/span><\/p>\n<p><span style=\"font-family: Times New Roman;\">W 14 osobowej ekipie ISS START blisko medalu, zajmuj\u0105c IV miejsca, byli :Genowefa Lenda i Maciej Bieniasz-Krzywiec.<\/span><\/p>\n<p><span style=\"font-family: Times New Roman;\"> Trenerami wejherowskich zawodniczek i zawodnik\u00f3w byli:Jaros\u0142aw Greszta i Zbigniew Bautembach.<\/span><\/p>\n","protected":false},"excerpt":{"rendered":"<p>A.Eigner mistrzyni\u0105 Polski W O\u015brodku Przygotowa\u0144 Olimpijskich w Cetniewie odby\u0142y si\u0119 Indywidualne Mistrzostwa Polski Niepe\u0142nosprawnych w tenisie sto\u0142owym. W zawodach startowa\u0142o 181 zawodniczek i zawodnik\u00f3w z 24 klub\u00f3w z ca\u0142ej Polski. Bardzo dobrze w tych mistrzostwach zaprezentowa\u0142a si\u0119 wejherowianka \u2013 ALICJA EIGNER ( reprezentantka Integracyjnego Stowarzyszenia Sportowego START Wejherowo), kt\u00f3ra w swojej kategorii zdoby\u0142a tytu\u0142 [&hellip;]<\/p>\n","protected":false},"author":2,"featured_media":0,"comment_status":"open","ping_status":"open","sticky":false,"template":"","format":"standard","meta":{"ngg_post_thumbnail":0},"categories":[1],"tags":[],"_links":{"self":[{"href":"http:\/\/startwejherowo.pl\/index.php?rest_route=\/wp\/v2\/posts\/184"}],"collection":[{"href":"http:\/\/startwejherowo.pl\/index.php?rest_route=\/wp\/v2\/posts"}],"about":[{"href":"http:\/\/startwejherowo.pl\/index.php?rest_route=\/wp\/v2\/types\/post"}],"author":[{"embeddable":true,"href":"http:\/\/startwejherowo.pl\/index.php?rest_route=\/wp\/v2\/users\/2"}],"replies":[{"embeddable":true,"href":"http:\/\/startwejherowo.pl\/index.php?rest_route=%2Fwp%2Fv2%2Fcomments&post=184"}],"version-history":[{"count":3,"href":"http:\/\/startwejherowo.pl\/index.php?rest_route=\/wp\/v2\/posts\/184\/revisions"}],"predecessor-version":[{"id":205,"href":"http:\/\/startwejherowo.pl\/index.php?rest_route=\/wp\/v2\/posts\/184\/revisions\/205"}],"wp:attachment":[{"href":"http:\/\/startwejherowo.pl\/index.php?rest_route=%2Fwp%2Fv2%2Fmedia&parent=184"}],"wp:term":[{"taxonomy":"category","embeddable":true,"href":"http:\/\/startwejherowo.pl\/index.php?rest_route=%2Fwp%2Fv2%2Fcategories&post=184"},{"taxonomy":"post_tag","embeddable":true,"href":"http:\/\/startwejherowo.pl\/index.php?rest_route=%2Fwp%2Fv2%2Ftags&post=184"}],"curies":[{"name":"wp","href":"https:\/\/api.w.org\/{rel}","templated":true}]}}