{"id":208,"date":"2011-08-29T12:27:51","date_gmt":"2011-08-29T12:27:51","guid":{"rendered":"http:\/\/startwejherowo.pl\/?p=208"},"modified":"2011-08-29T12:28:11","modified_gmt":"2011-08-29T12:28:11","slug":"zawody-w-boccia-jastrzebia-gora","status":"publish","type":"post","link":"http:\/\/startwejherowo.pl\/?p=208","title":{"rendered":"Zawody w boccia &#8211; Jastrz\u0119bia G\u00f3ra"},"content":{"rendered":"<p><strong>\u00a0<\/strong><\/p>\n<p><strong>\u00a0<\/strong><\/p>\n<p><strong>\u00a0\u00a0\u00a0\u00a0\u00a0\u00a0\u00a0\u00a0\u00a0\u00a0\u00a0\u00a0\u00a0\u00a0\u00a0\u00a0\u00a0\u00a0\u00a0\u00a0\u00a0\u00a0\u00a0\u00a0\u00a0\u00a0\u00a0\u00a0\u00a0\u00a0\u00a0\u00a0\u00a0\u00a0\u00a0\u00a0\u00a0\u00a0\u00a0\u00a0\u00a0\u00a0\u00a0\u00a0\u00a0\u00a0\u00a0\u00a0\u00a0\u00a0\u00a0\u00a0\u00a0\u00a0\u00a0\u00a0\u00a0\u00a0\u00a0\u00a0\u00a0\u00a0\u00a0\u00a0\u00a0\u00a0\u00a0\u00a0\u00a0\u00a0\u00a0\u00a0\u00a0\u00a0\u00a0\u00a0\u00a0\u00a0\u00a0\u00a0\u00a0\u00a0\u00a0\u00a0\u00a0\u00a0\u00a0\u00a0\u00a0\u00a0\u00a0\u00a0\u00a0\u00a0\u00a0\u00a0\u00a0\u00a0\u00a0\u00a0 Wejherowo, 10.07.2011r.<\/strong><\/p>\n<p>&nbsp;<\/p>\n<p><strong>Regulamin-Program<\/strong><\/p>\n<p><strong>Imprezy: \u00a0Zawody Sportowe Os\u00f3b Niepe\u0142nosprawnych \u00a0w Boccia \u201e Jesie\u0144 2011\u201d o Puchar Marsza\u0142ka Wojew\u00f3dztwa Pomorskiego i Dyrektora PCPR w Wejherowie.<\/strong><\/p>\n<p>&nbsp;<\/p>\n<p><em><span style=\"text-decoration: underline;\">1.Organizator:<\/span><\/em><\/p>\n<p>&#8211; Integracyjne Stowarzyszenie Sportowe START w Wejherowie ul. Gda\u0144ska 30 ( na zlecenie Pomorskiego Zwi\u0105zku Organizacji Sportu Niepe\u0142nosprawnych w Gda\u0144sku)<\/p>\n<p>&nbsp;<\/p>\n<p>Wsp\u00f3\u0142organizatorzy:<\/p>\n<p>&#8211; Pa\u0144stwowy Fundusz Rehabilitacji Os\u00f3b Niepe\u0142nosprawnych<\/p>\n<p>(PCPR w Wejherowie)<\/p>\n<p>&#8211; Pomorski Zwi\u0105zek Organizacji Sportu Niepe\u0142nosprawnych w Gda\u0144sku<\/p>\n<p>( \u015brodki Samorz\u0105du wojew\u00f3dztwa Pomorskiego w Gda\u0144sku).<\/p>\n<p>&nbsp;<\/p>\n<p>&nbsp;<\/p>\n<p><em><span style=\"text-decoration: underline;\">2.Cel imprezy:<\/span><\/em><\/p>\n<p>&#8211; upowszechnianie kultury fizycznej i sportu na rzecz \u015brodowiska os\u00f3b niepe\u0142nosprawnych<\/p>\n<p>&#8211; propagowanie sportu jako skutecznego \u015brodka rehabilitacji os\u00f3b niepe\u0142nosprawnych<\/p>\n<p>-sprawdzian dyspozycji \u2013 formy sportowej uczestnik\u00f3w zawod\u00f3w<\/p>\n<p>-podniesienie poziomu ich psychofizycznej sprawno\u015bci<\/p>\n<p>-integracja \u015brodowiska os\u00f3b niepe\u0142nosprawnych<\/p>\n<p>&nbsp;<\/p>\n<p><em><span style=\"text-decoration: underline;\">3.Miejsce i termin:<\/span><\/em><\/p>\n<p>O\u015brodek Wypoczynkowy WITA Jastrz\u0119bia G\u00f3ra ul. Kaszubska 3<\/p>\n<p>\u00a0\u201eJesie\u0144 2011\u201d \u2013 02-04.09.2011 r.<\/p>\n<p>&nbsp;<\/p>\n<p><em><span style=\"text-decoration: underline;\">4.Zasady finansowania:<\/span><\/em><\/p>\n<p>Impreza b\u0119dzie dofinansowana przez organizatora i wsp\u00f3\u0142organizator\u00f3w<\/p>\n<p>&nbsp;<\/p>\n<p><em><span style=\"text-decoration: underline;\">5.Program:<\/span><\/em><\/p>\n<p>Planowane zawody:<\/p>\n<p><strong>&#8211; Turniej indywidualny i dru\u017cynowy w boccia<\/strong> ( dodatkowo rozegrane zostan\u0105 dyscypliny towarzysz\u0105ce imprezie:\u00a0 ko\u015bci, tenis sto\u0142owy, rzuty sprawno\u015bciowe,\u00a0 kr\u0119glarstwo, rzuty pi\u0142eczk\u0105,\u00a0 rzuty na palik, rzutki do tarczy, szachy i inne.)<\/p>\n<p><span style=\"text-decoration: underline;\">pi\u0105tek<\/span><\/p>\n<p>&#8211; do g. 18.00 przyjazd<\/p>\n<p>&#8211; g.19.00 kolacja<\/p>\n<p>&#8211; g.20.00 odprawa techniczna<\/p>\n<p><span style=\"text-decoration: underline;\">sobota<\/span><\/p>\n<p>&#8211; g.8.30 \u015bniadanie<\/p>\n<p>&#8211; g.10.00-13.00 zawody sportowe<\/p>\n<p>&#8211; g.13.30 obiad<\/p>\n<p>&#8211; g.15.00-17.00 zawody sportowe<\/p>\n<p>-19.00 kolacja- ognisko &#8211; grill<\/p>\n<p><span style=\"text-decoration: underline;\">niedziela<\/span><\/p>\n<p>&#8211; g.8.30 \u015bniadanie<\/p>\n<p>&#8211; g.10.00-12.00 zawody sportowe<\/p>\n<p>&#8211; g.12.00 podsumowanie imprezy \u2013 wr\u0119czenie nagr\u00f3d i puchar\u00f3w<\/p>\n<p>&#8211; g.13.00 obiad<\/p>\n<p>&#8211; g.14.00 wyjazd uczestnik\u00f3w<\/p>\n<p>&nbsp;<\/p>\n<p><em><span style=\"text-decoration: underline;\">6.Nagrody<\/span><\/em><\/p>\n<p>&#8211; w klasyfikacji indywidualnej, jak i dru\u017cynowej za I-III miejsca puchary<\/p>\n<p>&#8211; ewentualnie inne nagrody po uzyskaniu \u015brodk\u00f3w finansowych<\/p>\n<p>&nbsp;<\/p>\n<p><em><span style=\"text-decoration: underline;\">7.Uczestnictwo<\/span><\/em><\/p>\n<p>Osoby posiadaj\u0105ce orzeczenie o niepe\u0142nosprawno\u015bci.<\/p>\n<p>Zg\u0142oszenia i bli\u017csze informacje pod nr tel. : 607\u00a0328\u00a0262.<\/p>\n<p>Uczestnictwo w zawodach prosimy potwierdzi\u0107 telefonicznie do 10 dni przed planowan\u0105 imprez\u0105.<\/p>\n<p>&nbsp;<\/p>\n<p><em><span style=\"text-decoration: underline;\">8.Spos\u00f3b przeprowadzenia zawod\u00f3w: <\/span><\/em><\/p>\n<p>&#8211; szczeg\u00f3\u0142owe zasady b\u0119d\u0105 om\u00f3wione na odprawie technicznej<\/p>\n<p>&nbsp;<\/p>\n<p><em><span style=\"text-decoration: underline;\">9.Postanowienia ko\u0144cowe:<\/span><\/em>\u00a0\u00a0\u00a0\u00a0\u00a0\u00a0\u00a0\u00a0\u00a0\u00a0\u00a0\u00a0\u00a0\u00a0\u00a0\u00a0\u00a0\u00a0\u00a0\u00a0\u00a0\u00a0\u00a0\u00a0\u00a0\u00a0\u00a0\u00a0\u00a0\u00a0\u00a0\u00a0\u00a0\u00a0\u00a0\u00a0\u00a0\u00a0\u00a0\u00a0\u00a0\u00a0\u00a0\u00a0\u00a0\u00a0\u00a0\u00a0\u00a0\u00a0\u00a0\u00a0\u00a0\u00a0\u00a0\u00a0\u00a0\u00a0\u00a0\u00a0 \u00a0\u00a0\u00a0\u00a0\u00a0\u00a0\u00a0\u00a0\u00a0\u00a0\u00a0\u00a0\u00a0\u00a0\u00a0\u00a0\u00a0\u00a0\u00a0\u00a0\u00a0\u00a0<\/p>\n<p>&#8211; sprz\u0119t sportowy zostanie dodatkowo uzupe\u0142niony przez dostarczenie go z Wejherowa do Jastrz\u0119biej G\u00f3ry<\/p>\n<p>&#8211; uczestnicy s\u0105 ubezpieczeni od NNW w PZU przez organizatora<\/p>\n<p>&#8211; opiek\u0119 medyczn\u0105 zabezpiecza organizator<\/p>\n<p>&#8211; s\u0119dzi\u0105 g\u0142\u00f3wnym zawod\u00f3w b\u0119dzie licencjonowany mened\u017cer sportu \u2013 pan Leszek Lenda<\/p>\n<p>&#8211; interpretacja regulaminu nale\u017cy do organizatora.<\/p>\n<p>&nbsp;<\/p>\n<p>&nbsp;<\/p>\n<p>\u00a0\u00a0\u00a0\u00a0\u00a0\u00a0\u00a0\u00a0\u00a0\u00a0\u00a0\u00a0\u00a0\u00a0\u00a0\u00a0\u00a0\u00a0\u00a0\u00a0\u00a0\u00a0\u00a0\u00a0\u00a0\u00a0\u00a0\u00a0\u00a0\u00a0\u00a0\u00a0\u00a0\u00a0\u00a0\u00a0\u00a0\u00a0\u00a0\u00a0\u00a0\u00a0\u00a0\u00a0\u00a0\u00a0\u00a0\u00a0\u00a0\u00a0 Organizator:<\/p>\n","protected":false},"excerpt":{"rendered":"<p>\u00a0 \u00a0 \u00a0\u00a0\u00a0\u00a0\u00a0\u00a0\u00a0\u00a0\u00a0\u00a0\u00a0\u00a0\u00a0\u00a0\u00a0\u00a0\u00a0\u00a0\u00a0\u00a0\u00a0\u00a0\u00a0\u00a0\u00a0\u00a0\u00a0\u00a0\u00a0\u00a0\u00a0\u00a0\u00a0\u00a0\u00a0\u00a0\u00a0\u00a0\u00a0\u00a0\u00a0\u00a0\u00a0\u00a0\u00a0\u00a0\u00a0\u00a0\u00a0\u00a0\u00a0\u00a0\u00a0\u00a0\u00a0\u00a0\u00a0\u00a0\u00a0\u00a0\u00a0\u00a0\u00a0\u00a0\u00a0\u00a0\u00a0\u00a0\u00a0\u00a0\u00a0\u00a0\u00a0\u00a0\u00a0\u00a0\u00a0\u00a0\u00a0\u00a0\u00a0\u00a0\u00a0\u00a0\u00a0\u00a0\u00a0\u00a0\u00a0\u00a0\u00a0\u00a0\u00a0\u00a0\u00a0\u00a0\u00a0\u00a0\u00a0\u00a0 Wejherowo, 10.07.2011r. &nbsp; Regulamin-Program Imprezy: \u00a0Zawody Sportowe Os\u00f3b Niepe\u0142nosprawnych \u00a0w Boccia \u201e Jesie\u0144 2011\u201d o Puchar Marsza\u0142ka Wojew\u00f3dztwa Pomorskiego i Dyrektora PCPR w Wejherowie. &nbsp; 1.Organizator: &#8211; Integracyjne Stowarzyszenie Sportowe START w Wejherowie ul. Gda\u0144ska 30 ( na zlecenie Pomorskiego Zwi\u0105zku Organizacji Sportu Niepe\u0142nosprawnych w Gda\u0144sku) &nbsp; Wsp\u00f3\u0142organizatorzy: &#8211; Pa\u0144stwowy Fundusz Rehabilitacji [&hellip;]<\/p>\n","protected":false},"author":2,"featured_media":0,"comment_status":"open","ping_status":"open","sticky":false,"template":"","format":"standard","meta":{"ngg_post_thumbnail":0},"categories":[5],"tags":[],"_links":{"self":[{"href":"http:\/\/startwejherowo.pl\/index.php?rest_route=\/wp\/v2\/posts\/208"}],"collection":[{"href":"http:\/\/startwejherowo.pl\/index.php?rest_route=\/wp\/v2\/posts"}],"about":[{"href":"http:\/\/startwejherowo.pl\/index.php?rest_route=\/wp\/v2\/types\/post"}],"author":[{"embeddable":true,"href":"http:\/\/startwejherowo.pl\/index.php?rest_route=\/wp\/v2\/users\/2"}],"replies":[{"embeddable":true,"href":"http:\/\/startwejherowo.pl\/index.php?rest_route=%2Fwp%2Fv2%2Fcomments&post=208"}],"version-history":[{"count":3,"href":"http:\/\/startwejherowo.pl\/index.php?rest_route=\/wp\/v2\/posts\/208\/revisions"}],"predecessor-version":[{"id":211,"href":"http:\/\/startwejherowo.pl\/index.php?rest_route=\/wp\/v2\/posts\/208\/revisions\/211"}],"wp:attachment":[{"href":"http:\/\/startwejherowo.pl\/index.php?rest_route=%2Fwp%2Fv2%2Fmedia&parent=208"}],"wp:term":[{"taxonomy":"category","embeddable":true,"href":"http:\/\/startwejherowo.pl\/index.php?rest_route=%2Fwp%2Fv2%2Fcategories&post=208"},{"taxonomy":"post_tag","embeddable":true,"href":"http:\/\/startwejherowo.pl\/index.php?rest_route=%2Fwp%2Fv2%2Ftags&post=208"}],"curies":[{"name":"wp","href":"https:\/\/api.w.org\/{rel}","templated":true}]}}