{"id":214,"date":"2011-09-19T08:59:30","date_gmt":"2011-09-19T08:59:30","guid":{"rendered":"http:\/\/startwejherowo.pl\/?p=214"},"modified":"2011-09-19T08:59:53","modified_gmt":"2011-09-19T08:59:53","slug":"boccia-puchar-marszalka-dla-nanic","status":"publish","type":"post","link":"http:\/\/startwejherowo.pl\/?p=214","title":{"rendered":"Boccia &#8211; Puchar Marsza\u0142ka dla Nanic"},"content":{"rendered":"<p><strong><\/strong>\u00a0<\/p>\n<p><strong>Puchar Marsza\u0142ka dla Nanic<\/strong><\/p>\n<p><strong>\u00a0<\/strong><\/p>\n<p>W O\u015brodku Szkoleniowo-Wypoczynkowym WITA w Jastrz\u0119biej G\u00f3rze zako\u0144czy\u0142 si\u0119<\/p>\n<p>Otwarty Wojew\u00f3dzki Turniej Boccia Os\u00f3b Niepe\u0142nosprawnych \u201eJesie\u0144 2011\u201d<\/p>\n<p>W zawodach startowa\u0142o 16 dru\u017cyn sk\u0142adaj\u0105cych si\u0119 z zawodniczek i zawodnik\u00f3w niepe\u0142nosprawnych z Redy, Rumi, Gdyni, Gda\u0144ska, Jastarni i Wejherowa, kt\u00f3re rywalizowa\u0142y \u00a0o \u00a0puchar Marsza\u0142ka Wojew\u00f3dztwa Pomorskiego.<\/p>\n<p>Zwyci\u0119zc\u0105 zawod\u00f3w zosta\u0142 zesp\u00f3\u0142 wejherowskich NANIC ( Genowefa i Leszek Lenda), kt\u00f3ry w meczu fina\u0142owym pokona\u0142 7:0 redzkie ORL\u0118TA ( Anna i Waldemar Konikowie).<\/p>\n<p>Na III pozycji uplasowa\u0142a si\u0119 ekipa BU\u0141ASP\u00d3\u0141A Rumia ( Andrzej Bu\u0142akowski i Dawid Jakusz).<\/p>\n<p>&nbsp;<\/p>\n<p>Kolejne miejsca zaj\u0119\u0142y ekipy:<\/p>\n<p>4.ORLIKI Reda<\/p>\n<p>5.JEDYNKA Wejherowo<\/p>\n<p>6.M\u0141ODZIE\u017bOWIEC Janowo<\/p>\n<p>7.GT3 Wejherowo<\/p>\n<p>8.BA\u0141TYK Jastarnia<\/p>\n<p>9.SOKO\u0141Y Gdynia<\/p>\n<p>10.DPS Wejherowo<\/p>\n<p>11.JANOWIACY Rumia<\/p>\n<p>12.OR\u0141Y \u015amiechowo<\/p>\n<p>13.START Gda\u0144sk<\/p>\n<p>14.MISTRZOWIE Gdynia<\/p>\n<p>15.KASZUB Wejherowo<\/p>\n<p>16.SZARADA Rumia.<\/p>\n<p>&nbsp;<\/p>\n<p>Zawody, kt\u00f3rych organizatorem by\u0142o Integracyjne Stowarzyszenie Sportowe START Wejherowo, odby\u0142y si\u0119 pod patronatem Marsza\u0142ka Wojew\u00f3dztwa Pomorskiego.<\/p>\n<p>&nbsp;<\/p>\n","protected":false},"excerpt":{"rendered":"<p>\u00a0 Puchar Marsza\u0142ka dla Nanic \u00a0 W O\u015brodku Szkoleniowo-Wypoczynkowym WITA w Jastrz\u0119biej G\u00f3rze zako\u0144czy\u0142 si\u0119 Otwarty Wojew\u00f3dzki Turniej Boccia Os\u00f3b Niepe\u0142nosprawnych \u201eJesie\u0144 2011\u201d W zawodach startowa\u0142o 16 dru\u017cyn sk\u0142adaj\u0105cych si\u0119 z zawodniczek i zawodnik\u00f3w niepe\u0142nosprawnych z Redy, Rumi, Gdyni, Gda\u0144ska, Jastarni i Wejherowa, kt\u00f3re rywalizowa\u0142y \u00a0o \u00a0puchar Marsza\u0142ka Wojew\u00f3dztwa Pomorskiego. Zwyci\u0119zc\u0105 zawod\u00f3w zosta\u0142 zesp\u00f3\u0142 wejherowskich [&hellip;]<\/p>\n","protected":false},"author":2,"featured_media":0,"comment_status":"open","ping_status":"open","sticky":false,"template":"","format":"standard","meta":{"ngg_post_thumbnail":0},"categories":[1],"tags":[],"_links":{"self":[{"href":"http:\/\/startwejherowo.pl\/index.php?rest_route=\/wp\/v2\/posts\/214"}],"collection":[{"href":"http:\/\/startwejherowo.pl\/index.php?rest_route=\/wp\/v2\/posts"}],"about":[{"href":"http:\/\/startwejherowo.pl\/index.php?rest_route=\/wp\/v2\/types\/post"}],"author":[{"embeddable":true,"href":"http:\/\/startwejherowo.pl\/index.php?rest_route=\/wp\/v2\/users\/2"}],"replies":[{"embeddable":true,"href":"http:\/\/startwejherowo.pl\/index.php?rest_route=%2Fwp%2Fv2%2Fcomments&post=214"}],"version-history":[{"count":3,"href":"http:\/\/startwejherowo.pl\/index.php?rest_route=\/wp\/v2\/posts\/214\/revisions"}],"predecessor-version":[{"id":217,"href":"http:\/\/startwejherowo.pl\/index.php?rest_route=\/wp\/v2\/posts\/214\/revisions\/217"}],"wp:attachment":[{"href":"http:\/\/startwejherowo.pl\/index.php?rest_route=%2Fwp%2Fv2%2Fmedia&parent=214"}],"wp:term":[{"taxonomy":"category","embeddable":true,"href":"http:\/\/startwejherowo.pl\/index.php?rest_route=%2Fwp%2Fv2%2Fcategories&post=214"},{"taxonomy":"post_tag","embeddable":true,"href":"http:\/\/startwejherowo.pl\/index.php?rest_route=%2Fwp%2Fv2%2Ftags&post=214"}],"curies":[{"name":"wp","href":"https:\/\/api.w.org\/{rel}","templated":true}]}}