{"id":218,"date":"2011-09-19T09:01:18","date_gmt":"2011-09-19T09:01:18","guid":{"rendered":"http:\/\/startwejherowo.pl\/?p=218"},"modified":"2011-09-19T09:01:18","modified_gmt":"2011-09-19T09:01:18","slug":"swietny-wystep-a-eigner-w-ostrawie","status":"publish","type":"post","link":"http:\/\/startwejherowo.pl\/?p=218","title":{"rendered":"\u015awietny wyst\u0119p A.Eigner w Ostrawie"},"content":{"rendered":"<p><strong><\/strong>\u00a0<\/p>\n<p><strong>\u015awietny wyst\u0119p A.Eigner<\/strong><\/p>\n<p><strong>\u00a0<\/strong><\/p>\n<p>Po dobrych tegorocznych wyst\u0119pach na turniejach eliminacyjnych do Igrzysk Paraolimpijskich LONDYN 2012 w S\u0142owenii, W\u0142oszech, Holandii i S\u0142owacji kolejny \u015bwietny odnotowa\u0142a Alicja EIGNER ( wejherowianka \u2013 zawodniczka Integracyjnego Stowarzyszenia Sportowego START w Wejherowie). Na zawodach w Ostrawie ( Czechy) mieszkanka Wejherowa zdoby\u0142a 2 medale.<\/p>\n<p>W konkurencji\u00a0 indywidualnej wejherowianka zdoby\u0142a br\u0105zowy medal zwyci\u0119\u017caj\u0105c w meczu o III miejsce 3:0 ( 11:6, 11:8,11:9) swoj\u0105 kole\u017cank\u0119 z kadry narodowej Katarzyn\u0119 Marszal. W meczu p\u00f3\u0142fina\u0142owym wejherowianka przegra\u0142a 3:0 ( 12:14, 5:11, 5:11) z przysz\u0142\u0105 zwyci\u0119\u017cczyni\u0105 Juli\u0105 Owsiannikow\u0105 (Rosja). W pozosta\u0142ych meczach A.Eigner pokona\u0142a: Stefani\u0119 Grebe( Niemcy) 3:2 ( 7,8.-5,-7,13) , Kui-Li Hsu ( Tajwan)3:0 ( 2,4,5) i Fatm\u0119 Fattakow\u0105 (Rosja) 3:2 ( 7,-11,7-10,3).<\/p>\n<p>W konkurencji dru\u017cynowej ( A.Eigner startowa\u0142a wraz z warszawiank\u0105 Katarzyn\u0105 Marszal) Polska zwyci\u0119\u017cy\u0142a\u00a0 3:1 Australi\u0119 i 3:0 Taiwan. W meczu fina\u0142owym Polki przegra\u0142y 2:3 z Rosj\u0105 ( A.Eigner zdoby\u0142a 2 pkt.) zdobywaj\u0105c srebrny medal.<\/p>\n<p>&nbsp;<\/p>\n<p>Bezpo\u015brednio po zawodach w Czechach A.Eigner ( wraz z kadr\u0105 Polski) wyjecha\u0142a na kolejny turniej eliminacyjny do Igrzysk Paraolimpijskich LONDYN 2012 , kt\u00f3ry odb\u0119dzie si\u0119 w Wielkiej Brytanii.<\/p>\n<p>.<\/p>\n<p>&nbsp;<\/p>\n<p>\u00a0\u00a0\u00a0\u00a0\u00a0\u00a0\u00a0\u00a0\u00a0\u00a0\u00a0\u00a0\u00a0\u00a0\u00a0\u00a0\u00a0\u00a0\u00a0\u00a0\u00a0\u00a0\u00a0\u00a0\u00a0\u00a0\u00a0\u00a0\u00a0\u00a0\u00a0\u00a0\u00a0\u00a0\u00a0\u00a0\u00a0\u00a0\u00a0\u00a0\u00a0\u00a0\u00a0\u00a0\u00a0\u00a0\u00a0\u00a0\u00a0\u00a0\u00a0\u00a0\u00a0\u00a0\u00a0\u00a0\u00a0\u00a0\u00a0\u00a0\u00a0\u00a0\u00a0\u00a0\u00a0\u00a0\u00a0\u00a0\u00a0\u00a0\u00a0\u00a0\u00a0\u00a0\u00a0\u00a0\u00a0\u00a0\u00a0\u00a0\u00a0\u00a0\u00a0 L.L.<\/p>\n","protected":false},"excerpt":{"rendered":"<p>\u00a0 \u015awietny wyst\u0119p A.Eigner \u00a0 Po dobrych tegorocznych wyst\u0119pach na turniejach eliminacyjnych do Igrzysk Paraolimpijskich LONDYN 2012 w S\u0142owenii, W\u0142oszech, Holandii i S\u0142owacji kolejny \u015bwietny odnotowa\u0142a Alicja EIGNER ( wejherowianka \u2013 zawodniczka Integracyjnego Stowarzyszenia Sportowego START w Wejherowie). Na zawodach w Ostrawie ( Czechy) mieszkanka Wejherowa zdoby\u0142a 2 medale. W konkurencji\u00a0 indywidualnej wejherowianka zdoby\u0142a br\u0105zowy [&hellip;]<\/p>\n","protected":false},"author":2,"featured_media":0,"comment_status":"open","ping_status":"open","sticky":false,"template":"","format":"standard","meta":{"ngg_post_thumbnail":0},"categories":[7],"tags":[],"_links":{"self":[{"href":"http:\/\/startwejherowo.pl\/index.php?rest_route=\/wp\/v2\/posts\/218"}],"collection":[{"href":"http:\/\/startwejherowo.pl\/index.php?rest_route=\/wp\/v2\/posts"}],"about":[{"href":"http:\/\/startwejherowo.pl\/index.php?rest_route=\/wp\/v2\/types\/post"}],"author":[{"embeddable":true,"href":"http:\/\/startwejherowo.pl\/index.php?rest_route=\/wp\/v2\/users\/2"}],"replies":[{"embeddable":true,"href":"http:\/\/startwejherowo.pl\/index.php?rest_route=%2Fwp%2Fv2%2Fcomments&post=218"}],"version-history":[{"count":1,"href":"http:\/\/startwejherowo.pl\/index.php?rest_route=\/wp\/v2\/posts\/218\/revisions"}],"predecessor-version":[{"id":219,"href":"http:\/\/startwejherowo.pl\/index.php?rest_route=\/wp\/v2\/posts\/218\/revisions\/219"}],"wp:attachment":[{"href":"http:\/\/startwejherowo.pl\/index.php?rest_route=%2Fwp%2Fv2%2Fmedia&parent=218"}],"wp:term":[{"taxonomy":"category","embeddable":true,"href":"http:\/\/startwejherowo.pl\/index.php?rest_route=%2Fwp%2Fv2%2Fcategories&post=218"},{"taxonomy":"post_tag","embeddable":true,"href":"http:\/\/startwejherowo.pl\/index.php?rest_route=%2Fwp%2Fv2%2Ftags&post=218"}],"curies":[{"name":"wp","href":"https:\/\/api.w.org\/{rel}","templated":true}]}}