{"id":220,"date":"2011-09-19T09:02:32","date_gmt":"2011-09-19T09:02:32","guid":{"rendered":"http:\/\/startwejherowo.pl\/?p=220"},"modified":"2011-09-19T09:02:32","modified_gmt":"2011-09-19T09:02:32","slug":"spotkanie-w-ratuszu","status":"publish","type":"post","link":"http:\/\/startwejherowo.pl\/?p=220","title":{"rendered":"Spotkanie w ratuszu"},"content":{"rendered":"<p><strong><\/strong>\u00a0<\/p>\n<p><strong>Spotkanie w ratuszu<\/strong><\/p>\n<p><strong>\u00a0<\/strong><\/p>\n<p>W ratuszu Urz\u0119du Miejskiego, Prezydent Miasta Wejherowa Pan Krzysztof Hildebrandt przyj\u0105\u0142 Prezesa Polskiego Zwi\u0105zku Tenisa Sto\u0142owego w Warszawie Pana Ryszarda Weisbrodta. W spotkaniu uczestniczyli tak\u017ce: Pan Krzysztof Ruchalski \u2013 prezes ISS START Wejherowo oraz Pan Micha\u0142 Jeli\u0144ski \u2013 kierownik Wydzia\u0142u Kultury, Sportu, Promocji i Turystyki Urz\u0119du Miasta w Wejherowie.<\/p>\n<p>Spotkanie dotyczy\u0142o dalszej promocji tenisa sto\u0142owego w\u015br\u00f3d mieszka\u0144c\u00f3w Wejherowa.<\/p>\n<p>Prezydent wr\u0119czy\u0142 Prezesowi PZTS album o Wejherowie, natomiast Prezes zaprosi\u0142 Pana Prezydenta na Mistrzostwa Europy w tenisie sto\u0142owym, kt\u00f3re odb\u0119d\u0105 si\u0119 po raz pierwszy w Polsce w hali \u201eERGO-ARENY\u201d w Sopocie-Gda\u0144sku w dniach 08.-16. pa\u017adziernika br.<\/p>\n<p>&nbsp;<\/p>\n<p>\u00a0\u00a0\u00a0 \u00a0\u00a0\u00a0\u00a0\u00a0\u00a0\u00a0\u00a0\u00a0\u00a0\u00a0\u00a0\u00a0\u00a0\u00a0\u00a0\u00a0\u00a0\u00a0\u00a0\u00a0\u00a0\u00a0\u00a0\u00a0\u00a0\u00a0\u00a0\u00a0\u00a0\u00a0\u00a0\u00a0\u00a0\u00a0\u00a0\u00a0\u00a0\u00a0\u00a0\u00a0\u00a0\u00a0\u00a0\u00a0\u00a0\u00a0\u00a0\u00a0\u00a0\u00a0\u00a0\u00a0\u00a0\u00a0\u00a0\u00a0\u00a0\u00a0\u00a0\u00a0\u00a0\u00a0\u00a0\u00a0\u00a0\u00a0\u00a0\u00a0\u00a0\u00a0\u00a0\u00a0\u00a0\u00a0\u00a0\u00a0\u00a0\u00a0\u00a0\u00a0\u00a0\u00a0\u00a0\u00a0\u00a0\u00a0\u00a0\u00a0L.L.<\/p>\n","protected":false},"excerpt":{"rendered":"<p>\u00a0 Spotkanie w ratuszu \u00a0 W ratuszu Urz\u0119du Miejskiego, Prezydent Miasta Wejherowa Pan Krzysztof Hildebrandt przyj\u0105\u0142 Prezesa Polskiego Zwi\u0105zku Tenisa Sto\u0142owego w Warszawie Pana Ryszarda Weisbrodta. W spotkaniu uczestniczyli tak\u017ce: Pan Krzysztof Ruchalski \u2013 prezes ISS START Wejherowo oraz Pan Micha\u0142 Jeli\u0144ski \u2013 kierownik Wydzia\u0142u Kultury, Sportu, Promocji i Turystyki Urz\u0119du Miasta w Wejherowie. Spotkanie [&hellip;]<\/p>\n","protected":false},"author":2,"featured_media":0,"comment_status":"open","ping_status":"open","sticky":false,"template":"","format":"standard","meta":{"ngg_post_thumbnail":0},"categories":[1],"tags":[],"_links":{"self":[{"href":"http:\/\/startwejherowo.pl\/index.php?rest_route=\/wp\/v2\/posts\/220"}],"collection":[{"href":"http:\/\/startwejherowo.pl\/index.php?rest_route=\/wp\/v2\/posts"}],"about":[{"href":"http:\/\/startwejherowo.pl\/index.php?rest_route=\/wp\/v2\/types\/post"}],"author":[{"embeddable":true,"href":"http:\/\/startwejherowo.pl\/index.php?rest_route=\/wp\/v2\/users\/2"}],"replies":[{"embeddable":true,"href":"http:\/\/startwejherowo.pl\/index.php?rest_route=%2Fwp%2Fv2%2Fcomments&post=220"}],"version-history":[{"count":1,"href":"http:\/\/startwejherowo.pl\/index.php?rest_route=\/wp\/v2\/posts\/220\/revisions"}],"predecessor-version":[{"id":221,"href":"http:\/\/startwejherowo.pl\/index.php?rest_route=\/wp\/v2\/posts\/220\/revisions\/221"}],"wp:attachment":[{"href":"http:\/\/startwejherowo.pl\/index.php?rest_route=%2Fwp%2Fv2%2Fmedia&parent=220"}],"wp:term":[{"taxonomy":"category","embeddable":true,"href":"http:\/\/startwejherowo.pl\/index.php?rest_route=%2Fwp%2Fv2%2Fcategories&post=220"},{"taxonomy":"post_tag","embeddable":true,"href":"http:\/\/startwejherowo.pl\/index.php?rest_route=%2Fwp%2Fv2%2Ftags&post=220"}],"curies":[{"name":"wp","href":"https:\/\/api.w.org\/{rel}","templated":true}]}}