{"id":222,"date":"2011-09-19T09:03:38","date_gmt":"2011-09-19T09:03:38","guid":{"rendered":"http:\/\/startwejherowo.pl\/?p=222"},"modified":"2011-09-19T09:03:38","modified_gmt":"2011-09-19T09:03:38","slug":"boccia-puchar-pcpr","status":"publish","type":"post","link":"http:\/\/startwejherowo.pl\/?p=222","title":{"rendered":"Boccia &#8211; Puchar PCPR"},"content":{"rendered":"<p><strong><\/strong>\u00a0<\/p>\n<p><strong>Puchar PCPR<\/strong><\/p>\n<p><strong>\u00a0<\/strong><\/p>\n<p>W O\u015brodku Szkoleniowo-Wypoczynkowym WITA w Jastrz\u0119biej G\u00f3rze zako\u0144czy\u0142 si\u0119<\/p>\n<p>Indywidualny Powiatowy Turniej Boccia Os\u00f3b Niepe\u0142nosprawnych o puchar Dyrektora Powiatowego Centrum Pomocy Rodzinie w Wejherowie.<\/p>\n<p>W zawodach startowa\u0142o 32 zawodnik\u00f3w i zawodniczek reprezentuj\u0105cych miasta<\/p>\n<p>i miejscowo\u015bci naszego\u00a0 powiatu.<\/p>\n<p>&nbsp;<\/p>\n<p>W\u015br\u00f3d kobiet zwyci\u0119\u017cy\u0142a Marta KONIK ( Orliki Reda) , kt\u00f3ra w meczu fina\u0142owym 8:2 pokona\u0142a Monik\u0119 Pranschke ( GT3 Wejherowo).<\/p>\n<p>&nbsp;<\/p>\n<p>Kolejne miejsca zaj\u0119\u0142y:<\/p>\n<p>3.Gabriela Andrzejewska ( Janowiacy Rumia),<\/p>\n<p>4.Anna Konik (Orl\u0119ta Reda),<\/p>\n<p>5.Helena Szpunar (Start Wejherowo),<\/p>\n<p>6.Genowefa Lenda ( Europol Wejherowo).<\/p>\n<p>&nbsp;<\/p>\n<p>W\u015br\u00f3d m\u0119\u017cczyzn zwyci\u0119\u017cy\u0142 J\u00f3zef MOTOWID\u0141O (Start Wejherowo), kt\u00f3ry w meczu fina\u0142owym pokona\u0142 10:0 Leszka Lend\u0119 (Europol Wejherowo).<\/p>\n<p>&nbsp;<\/p>\n<p>Kolejne miejsca zaj\u0119li:<\/p>\n<p>3.Andrzej Andrzejewski ( Janowiccy Rumia),<\/p>\n<p>4.Zbigniew Miotk (Jedynka Wejherowo),<\/p>\n<p>5.Dariusz Dargacz ( Kaszub Wejherowo),<\/p>\n<p>6.Konik Waldemar (Orl\u0119ta Reda),<\/p>\n<p>&nbsp;<\/p>\n<p>Organizatorem zawod\u00f3w, kt\u00f3re zosta\u0142y sfinansowane przez Powiatowe Centrum Pomocy Rodzinie w Wejherowie, by\u0142o Integracyjne Stowarzyszenie Sportowe START Wejherowo.<\/p>\n<p>&nbsp;<\/p>\n<p>\u00a0\u00a0\u00a0\u00a0\u00a0\u00a0\u00a0\u00a0\u00a0\u00a0\u00a0\u00a0\u00a0\u00a0\u00a0\u00a0\u00a0\u00a0\u00a0\u00a0\u00a0\u00a0\u00a0\u00a0\u00a0\u00a0\u00a0\u00a0\u00a0\u00a0\u00a0\u00a0\u00a0\u00a0\u00a0\u00a0\u00a0\u00a0\u00a0\u00a0\u00a0\u00a0\u00a0\u00a0\u00a0\u00a0\u00a0\u00a0\u00a0\u00a0\u00a0\u00a0\u00a0\u00a0\u00a0\u00a0\u00a0\u00a0\u00a0\u00a0\u00a0\u00a0\u00a0\u00a0\u00a0\u00a0\u00a0\u00a0\u00a0\u00a0\u00a0\u00a0\u00a0\u00a0\u00a0\u00a0\u00a0\u00a0\u00a0\u00a0\u00a0\u00a0\u00a0 L.L.<\/p>\n","protected":false},"excerpt":{"rendered":"<p>\u00a0 Puchar PCPR \u00a0 W O\u015brodku Szkoleniowo-Wypoczynkowym WITA w Jastrz\u0119biej G\u00f3rze zako\u0144czy\u0142 si\u0119 Indywidualny Powiatowy Turniej Boccia Os\u00f3b Niepe\u0142nosprawnych o puchar Dyrektora Powiatowego Centrum Pomocy Rodzinie w Wejherowie. W zawodach startowa\u0142o 32 zawodnik\u00f3w i zawodniczek reprezentuj\u0105cych miasta i miejscowo\u015bci naszego\u00a0 powiatu. &nbsp; W\u015br\u00f3d kobiet zwyci\u0119\u017cy\u0142a Marta KONIK ( Orliki Reda) , kt\u00f3ra w meczu fina\u0142owym [&hellip;]<\/p>\n","protected":false},"author":2,"featured_media":0,"comment_status":"open","ping_status":"open","sticky":false,"template":"","format":"standard","meta":{"ngg_post_thumbnail":0},"categories":[5],"tags":[],"_links":{"self":[{"href":"http:\/\/startwejherowo.pl\/index.php?rest_route=\/wp\/v2\/posts\/222"}],"collection":[{"href":"http:\/\/startwejherowo.pl\/index.php?rest_route=\/wp\/v2\/posts"}],"about":[{"href":"http:\/\/startwejherowo.pl\/index.php?rest_route=\/wp\/v2\/types\/post"}],"author":[{"embeddable":true,"href":"http:\/\/startwejherowo.pl\/index.php?rest_route=\/wp\/v2\/users\/2"}],"replies":[{"embeddable":true,"href":"http:\/\/startwejherowo.pl\/index.php?rest_route=%2Fwp%2Fv2%2Fcomments&post=222"}],"version-history":[{"count":1,"href":"http:\/\/startwejherowo.pl\/index.php?rest_route=\/wp\/v2\/posts\/222\/revisions"}],"predecessor-version":[{"id":223,"href":"http:\/\/startwejherowo.pl\/index.php?rest_route=\/wp\/v2\/posts\/222\/revisions\/223"}],"wp:attachment":[{"href":"http:\/\/startwejherowo.pl\/index.php?rest_route=%2Fwp%2Fv2%2Fmedia&parent=222"}],"wp:term":[{"taxonomy":"category","embeddable":true,"href":"http:\/\/startwejherowo.pl\/index.php?rest_route=%2Fwp%2Fv2%2Fcategories&post=222"},{"taxonomy":"post_tag","embeddable":true,"href":"http:\/\/startwejherowo.pl\/index.php?rest_route=%2Fwp%2Fv2%2Ftags&post=222"}],"curies":[{"name":"wp","href":"https:\/\/api.w.org\/{rel}","templated":true}]}}