{"id":242,"date":"2011-12-12T14:24:41","date_gmt":"2011-12-12T14:24:41","guid":{"rendered":"http:\/\/startwejherowo.pl\/?p=242"},"modified":"2011-12-12T14:24:41","modified_gmt":"2011-12-12T14:24:41","slug":"puchar-polski-iii-miejsce-wejherowskiego-startu","status":"publish","type":"post","link":"http:\/\/startwejherowo.pl\/?p=242","title":{"rendered":"Puchar Polski. III miejsce wejherowskiego Startu"},"content":{"rendered":"<p>W Radomiu odby\u0142 si\u0119 Puchar Polski Niepe\u0142nosprawnych w tenisie sto\u0142owym. Startowa\u0142o 12 najlepszych polskich zespo\u0142\u00f3w. Puchar zdoby\u0142a ekipa IKS Tarnobrzeg . Bardzo dobrze wypad\u0142a w tych zawodach dru\u017cyna Integracyjnego Stowarzyszenia Sportowego START Wejherowo, kt\u00f3ra zaj\u0119\u0142a wysokie III miejsce. Wejherowianie wyst\u0105pili w nast\u0119puj\u0105cym sk\u0142adzie: Alicja Eigner, Maciej Bieniasz-Krzywiec i Tomasz Miks.<br \/>\nW ramach tych zawod\u00f3w rozegrano tak\u017ce turnieje indywidualne. W\u015br\u00f3d m\u0119\u017cczyzn  zwyci\u0119\u017cy\u0142 Maciej Bieniasz-Krzywiec, a w\u015br\u00f3d pa\u0144 IV miejsce zaj\u0119\u0142a Alica Eigner.<\/p>\n","protected":false},"excerpt":{"rendered":"<p>W Radomiu odby\u0142 si\u0119 Puchar Polski Niepe\u0142nosprawnych w tenisie sto\u0142owym. Startowa\u0142o 12 najlepszych polskich zespo\u0142\u00f3w. Puchar zdoby\u0142a ekipa IKS Tarnobrzeg . Bardzo dobrze wypad\u0142a w tych zawodach dru\u017cyna Integracyjnego Stowarzyszenia Sportowego START Wejherowo, kt\u00f3ra zaj\u0119\u0142a wysokie III miejsce. Wejherowianie wyst\u0105pili w nast\u0119puj\u0105cym sk\u0142adzie: Alicja Eigner, Maciej Bieniasz-Krzywiec i Tomasz Miks. W ramach tych zawod\u00f3w rozegrano [&hellip;]<\/p>\n","protected":false},"author":2,"featured_media":0,"comment_status":"open","ping_status":"open","sticky":false,"template":"","format":"standard","meta":{"ngg_post_thumbnail":0},"categories":[7],"tags":[],"_links":{"self":[{"href":"http:\/\/startwejherowo.pl\/index.php?rest_route=\/wp\/v2\/posts\/242"}],"collection":[{"href":"http:\/\/startwejherowo.pl\/index.php?rest_route=\/wp\/v2\/posts"}],"about":[{"href":"http:\/\/startwejherowo.pl\/index.php?rest_route=\/wp\/v2\/types\/post"}],"author":[{"embeddable":true,"href":"http:\/\/startwejherowo.pl\/index.php?rest_route=\/wp\/v2\/users\/2"}],"replies":[{"embeddable":true,"href":"http:\/\/startwejherowo.pl\/index.php?rest_route=%2Fwp%2Fv2%2Fcomments&post=242"}],"version-history":[{"count":1,"href":"http:\/\/startwejherowo.pl\/index.php?rest_route=\/wp\/v2\/posts\/242\/revisions"}],"predecessor-version":[{"id":243,"href":"http:\/\/startwejherowo.pl\/index.php?rest_route=\/wp\/v2\/posts\/242\/revisions\/243"}],"wp:attachment":[{"href":"http:\/\/startwejherowo.pl\/index.php?rest_route=%2Fwp%2Fv2%2Fmedia&parent=242"}],"wp:term":[{"taxonomy":"category","embeddable":true,"href":"http:\/\/startwejherowo.pl\/index.php?rest_route=%2Fwp%2Fv2%2Fcategories&post=242"},{"taxonomy":"post_tag","embeddable":true,"href":"http:\/\/startwejherowo.pl\/index.php?rest_route=%2Fwp%2Fv2%2Ftags&post=242"}],"curies":[{"name":"wp","href":"https:\/\/api.w.org\/{rel}","templated":true}]}}