{"id":261,"date":"2011-12-22T16:01:36","date_gmt":"2011-12-22T16:01:36","guid":{"rendered":"http:\/\/startwejherowo.pl\/?p=261"},"modified":"2011-12-22T16:01:36","modified_gmt":"2011-12-22T16:01:36","slug":"boccia-najlepsi-z-wejherowa","status":"publish","type":"post","link":"http:\/\/startwejherowo.pl\/?p=261","title":{"rendered":"Boccia &#8211; najlepsi z Wejherowa"},"content":{"rendered":"<p>Sport niepe\u0142nosprawnych<br \/>\n.<br \/>\nZwyci\u0119stwo wejherowskiego STARTU.<\/p>\n<p>W Sul\u0119czynie odby\u0142 si\u0119 Og\u00f3lnopolski Rehabilitacyjno-Integracyjny Turniej Boccia dla Os\u00f3b Niepe\u0142nosprawnych. Startowa\u0142o w min a\u017c 15 dru\u017cyn.<\/p>\n<p>Bardzo dobrze w tych zawodach zaprezentowa\u0142a si\u0119 ekipa Integracyjnego Stowarzyszenia Sportowego START Wejherowo. W meczu fina\u0142owym spotka\u0142y si\u0119 dwie wejherowskie dru\u017cyny. Po stoj\u0105cym na wysokim poziomie meczu Start I ( Marianna German, Leszek Lenda i Tomasz Marciniak ) pokona\u0142 8:5 Start II ( Zbigniew Miotk, Henryk Ptach i Zdzis\u0142aw Szczodrowski). III miejsce zaj\u0119\u0142a dru\u017cyna z Elbl\u0105ga.<\/p>\n<p>W turnieju indywidualnym ( panie i panowie startowali w jednej grupie) srebrny medal zdoby\u0142a Genowefa Lenda (Start Wejherowo). W drodze do fina\u0142u \u2013 w kt\u00f3rym przegra\u0142a 0:2 z Grzegorzem Suboczem z Elbl\u0105ga &#8211; wejherowianka pokona\u0142a pi\u0119ciu  pan\u00f3w.<br \/>\nW spotkaniu o III miejsce Zbigniew Miotk pokona\u0142 2:1 Tomasza Marciniaka. <\/p>\n<p>Organizatorem zawod\u00f3w, kt\u00f3re odby\u0142y si\u0119 w dniach 16-18.grudnia br., by\u0142 Pomorski Oddzia\u0142 Polskiego Towarzystwa Walki z Kalectwem.<\/p>\n<p>\tL.L.<\/p>\n","protected":false},"excerpt":{"rendered":"<p>Sport niepe\u0142nosprawnych . Zwyci\u0119stwo wejherowskiego STARTU. W Sul\u0119czynie odby\u0142 si\u0119 Og\u00f3lnopolski Rehabilitacyjno-Integracyjny Turniej Boccia dla Os\u00f3b Niepe\u0142nosprawnych. Startowa\u0142o w min a\u017c 15 dru\u017cyn. Bardzo dobrze w tych zawodach zaprezentowa\u0142a si\u0119 ekipa Integracyjnego Stowarzyszenia Sportowego START Wejherowo. W meczu fina\u0142owym spotka\u0142y si\u0119 dwie wejherowskie dru\u017cyny. Po stoj\u0105cym na wysokim poziomie meczu Start I ( Marianna German, [&hellip;]<\/p>\n","protected":false},"author":2,"featured_media":0,"comment_status":"open","ping_status":"open","sticky":false,"template":"","format":"standard","meta":{"ngg_post_thumbnail":0},"categories":[1],"tags":[],"_links":{"self":[{"href":"http:\/\/startwejherowo.pl\/index.php?rest_route=\/wp\/v2\/posts\/261"}],"collection":[{"href":"http:\/\/startwejherowo.pl\/index.php?rest_route=\/wp\/v2\/posts"}],"about":[{"href":"http:\/\/startwejherowo.pl\/index.php?rest_route=\/wp\/v2\/types\/post"}],"author":[{"embeddable":true,"href":"http:\/\/startwejherowo.pl\/index.php?rest_route=\/wp\/v2\/users\/2"}],"replies":[{"embeddable":true,"href":"http:\/\/startwejherowo.pl\/index.php?rest_route=%2Fwp%2Fv2%2Fcomments&post=261"}],"version-history":[{"count":1,"href":"http:\/\/startwejherowo.pl\/index.php?rest_route=\/wp\/v2\/posts\/261\/revisions"}],"predecessor-version":[{"id":262,"href":"http:\/\/startwejherowo.pl\/index.php?rest_route=\/wp\/v2\/posts\/261\/revisions\/262"}],"wp:attachment":[{"href":"http:\/\/startwejherowo.pl\/index.php?rest_route=%2Fwp%2Fv2%2Fmedia&parent=261"}],"wp:term":[{"taxonomy":"category","embeddable":true,"href":"http:\/\/startwejherowo.pl\/index.php?rest_route=%2Fwp%2Fv2%2Fcategories&post=261"},{"taxonomy":"post_tag","embeddable":true,"href":"http:\/\/startwejherowo.pl\/index.php?rest_route=%2Fwp%2Fv2%2Ftags&post=261"}],"curies":[{"name":"wp","href":"https:\/\/api.w.org\/{rel}","templated":true}]}}