{"id":272,"date":"2012-01-19T21:31:12","date_gmt":"2012-01-19T21:31:12","guid":{"rendered":"http:\/\/startwejherowo.pl\/?p=272"},"modified":"2012-01-20T10:15:52","modified_gmt":"2012-01-20T10:15:52","slug":"druzynowe-mistrzostwa-powiatu-w-boccia","status":"publish","type":"post","link":"http:\/\/startwejherowo.pl\/?p=272","title":{"rendered":"Dru\u017cynowe mistrzostwa powiatu w boccia"},"content":{"rendered":"<p>Boccia<br \/>\nPuchar Starosty dla STARTU<\/p>\n<p>W sali Szko\u0142y Podstawowej zako\u0144czy\u0142y si\u0119 Otwarte Dru\u017cynowe Mistrzostwa Powiatu Wejherowskiego o puchar Starosty Wejherowskiego. W eliminacjach, kt\u00f3re trwa\u0142y od czerwca br . i mia\u0142y wybitnie integracyjny charakter ( startowali zawodnicy niepe\u0142nosprawni i zdrowi), startowa\u0142o 17 dru\u017cyn. Do turnieju fina\u0142owego zakwalifikowa\u0142o si\u0119 8 najlepszych zespo\u0142\u00f3w.<br \/>\nW meczu fina\u0142owym zesp\u00f3\u0142 wejherowskiego STARTU ( Zbigniew Miotk, Jerzy Gajewski, Adam Hebel) pokona\u0142 9:6 EUROPOL Wejherowo ( Genowefa i Leszek Lenda oraz Tomasz Marciniak). Ciekawostk\u0105 jest fakt, ze zwyci\u0119zcy przegrywali ju\u017c 0:6 po 2-ch rundach ( mecz sk\u0142ada si\u0119 z 6-ciu rund).<br \/>\nW meczu o III miejsce ORL\u0118TA Reda ( Anna, Wiktor i Waldemar Konikowie) pokonali 8:5 SNAJPERA Wejherowo ( Renata, Joanna, Marta i Ryszard Westphal).<br \/>\nW spotkaniu o V miejsce Janowiacy Rumia ( Gabriela Andrzejewska, Alicja Eiger i Andrzej Bu\u0142akowski) pokona\u0142 7:4 NANICE ( Jan Z\u0119bko, Andrzej Bia\u0142as i Zdzis\u0142aw Szczodrowski)Wejherowo.<br \/>\nVII miejsce ex aequo zaj\u0119\u0142y dru\u017cyny: Elektrociep\u0142ownie Wybrze\u017ce Gdynia i GT3 Wejherowo.<br \/>\nOrganizatorem zawod\u00f3w by\u0142o Integracyjne Stowarzyszenie Sportowe START Wejherowo.<\/p>\n<p>    L.L.<\/p>\n","protected":false},"excerpt":{"rendered":"<p>Boccia Puchar Starosty dla STARTU W sali Szko\u0142y Podstawowej zako\u0144czy\u0142y si\u0119 Otwarte Dru\u017cynowe Mistrzostwa Powiatu Wejherowskiego o puchar Starosty Wejherowskiego. W eliminacjach, kt\u00f3re trwa\u0142y od czerwca br . i mia\u0142y wybitnie integracyjny charakter ( startowali zawodnicy niepe\u0142nosprawni i zdrowi), startowa\u0142o 17 dru\u017cyn. Do turnieju fina\u0142owego zakwalifikowa\u0142o si\u0119 8 najlepszych zespo\u0142\u00f3w. W meczu fina\u0142owym zesp\u00f3\u0142 wejherowskiego [&hellip;]<\/p>\n","protected":false},"author":2,"featured_media":0,"comment_status":"open","ping_status":"open","sticky":false,"template":"","format":"standard","meta":{"ngg_post_thumbnail":0},"categories":[5],"tags":[],"_links":{"self":[{"href":"http:\/\/startwejherowo.pl\/index.php?rest_route=\/wp\/v2\/posts\/272"}],"collection":[{"href":"http:\/\/startwejherowo.pl\/index.php?rest_route=\/wp\/v2\/posts"}],"about":[{"href":"http:\/\/startwejherowo.pl\/index.php?rest_route=\/wp\/v2\/types\/post"}],"author":[{"embeddable":true,"href":"http:\/\/startwejherowo.pl\/index.php?rest_route=\/wp\/v2\/users\/2"}],"replies":[{"embeddable":true,"href":"http:\/\/startwejherowo.pl\/index.php?rest_route=%2Fwp%2Fv2%2Fcomments&post=272"}],"version-history":[{"count":3,"href":"http:\/\/startwejherowo.pl\/index.php?rest_route=\/wp\/v2\/posts\/272\/revisions"}],"predecessor-version":[{"id":279,"href":"http:\/\/startwejherowo.pl\/index.php?rest_route=\/wp\/v2\/posts\/272\/revisions\/279"}],"wp:attachment":[{"href":"http:\/\/startwejherowo.pl\/index.php?rest_route=%2Fwp%2Fv2%2Fmedia&parent=272"}],"wp:term":[{"taxonomy":"category","embeddable":true,"href":"http:\/\/startwejherowo.pl\/index.php?rest_route=%2Fwp%2Fv2%2Fcategories&post=272"},{"taxonomy":"post_tag","embeddable":true,"href":"http:\/\/startwejherowo.pl\/index.php?rest_route=%2Fwp%2Fv2%2Ftags&post=272"}],"curies":[{"name":"wp","href":"https:\/\/api.w.org\/{rel}","templated":true}]}}