{"id":340,"date":"2012-08-28T18:30:03","date_gmt":"2012-08-28T18:30:03","guid":{"rendered":"http:\/\/startwejherowo.pl\/?p=340"},"modified":"2012-08-28T18:31:31","modified_gmt":"2012-08-28T18:31:31","slug":"paraolimpiada-wyjazd-alicji-eigner","status":"publish","type":"post","link":"http:\/\/startwejherowo.pl\/?p=340","title":{"rendered":"Paraolimpiada &#8211; wyjazd Alicji Eigner."},"content":{"rendered":"<p>XIV Igrzyska Paraolimpijskie LONDYN 2012 odb\u0119d\u0105 si\u0119 w dniach 29.09.-09.12.br. We\u017amie w nich udzia\u0142 4200 zawodnik\u00f3w ze 160 kraj\u00f3w. Program obejmuje 20 dyscyplin z 503 konkurencjami. W ponad stuosobowej reprezentacji Polski znalaz\u0142a si\u0119 mieszkanka Wejherowa \u2013 tenisistka sto\u0142owa Integracyjnego Stowarzyszenia Sportowego START Wejherowo \u2013 Alicja EIGNER. Wejherowska zawodniczka wyst\u0105pi w turnieju indywidualnym ( obecnie jest pi\u0105t\u0105 zawodniczk\u0105 w \u015bwiatowym rankingu) i turnieju dru\u017cynowym. W ostatni\u0105 \u015brod\u0119 odby\u0142o si\u0119 uroczyste po\u017cegnanie A. Eigner.W imieniu Prezydenta Miasta Wejherowa wejherowska zawodniczk\u0119 po\u017cegna\u0142 Micha\u0142 Jeli\u0144ski \u2013 kierownik Wydzia\u0142u Kultury, Sportu, Promocji i Turystyki Urz\u0119du Miejskiego w Wejherowie. Natomiast w imieniu kole\u017canek i koleg\u00f3w z ISS START, \u017cycz\u0105c przywiezienia medalu, po\u017cegna\u0142 prezes stowarzyszenia \u2013 Krzysztof Ruchalski.\u00a0 Charakterystyka A.Eigner. Urodzona 18.IV.1958 roku w Legnicy. Mieszkanka Wejherowa.\u00a0 Klub \u2013 Integracyjne Stowarzyszenie Sportowe START Wejherowo. Trenerzy \u2013 klubowy I Maciej Bieniasz-Krzywiec, \u00a0\u00a0 \u00a0II Zbigniew Bautembach \u00a0\u00a0 \u00a0kadry \u2013 El\u017cbieta Madejska.\u00a0 Tenis sto\u0142owy uprawia od 1978 roku. Najwa\u017cniejsze osi\u0105gni\u0119cia:\u00a0 Mistrzostwa \u015awiata: Gwanju (Korea) 2010 \u00a0\u00a0 \u00a0&#8211; br\u0105zowy medal indywidualnie \u00a0\u00a0 \u00a0&#8211; br\u0105zowy medal w dru\u017cynie\u00a0\u00a0 Mistrzostwa Europy: Pieszczany (S\u0142owacja) 1999 r. \u00a0\u00a0 \u00a0&#8211; br\u0105zowy medal indywidualnie \u00a0\u00a0 \u00a0&#8211; br\u0105zowy medal w dru\u017cynie \u00a0\u00a0 \u00a0Frankfurt (Niemcy) 2001 r.\u00a0\u00a0\u00a0\u00a0\u00a0\u00a0\u00a0\u00a0\u00a0\u00a0\u00a0\u00a0\u00a0\u00a0\u00a0\u00a0\u00a0\u00a0\u00a0\u00a0\u00a0\u00a0\u00a0\u00a0\u00a0\u00a0\u00a0\u00a0\u00a0\u00a0\u00a0\u00a0\u00a0\u00a0 &#8211; z\u0142oty medal w dru\u017cynie.\u00a0 Mistrzostwa Polski \u2013 aktualna mistrzyni Polski. \u00a0\u00a0 \u00a0Dotychczas zdoby\u0142a \u0142\u0105cznie 19 medali ( 7 z\u0142otych, 9 srebrnych\u00a0\u00a0\u00a0\u00a0\u00a0\u00a0\u00a0\u00a0\u00a0\u00a0\u00a0\u00a0\u00a0\u00a0\u00a0\u00a0\u00a0\u00a0\u00a0\u00a0\u00a0\u00a0\u00a0\u00a0\u00a0\u00a0\u00a0\u00a0\u00a0\u00a0\u00a0\u00a0\u00a0\u00a0\u00a0\u00a0\u00a0\u00a0\u00a0\u00a0\u00a0\u00a0\u00a0\u00a0\u00a0\u00a0\u00a0 i 3 br\u0105zowe). Ponadto zdoby\u0142a kilkana\u015bcie medali w Mi\u0119dzynarodowych Zawodach\u00a0 Kwalifikacyjnych.\u00a0\u00a0\u00a0\u00a0\u00a0\u00a0\u00a0\u00a0\u00a0\u00a0\u00a0\u00a0\u00a0\u00a0\u00a0\u00a0\u00a0\u00a0\u00a0\u00a0\u00a0\u00a0\u00a0\u00a0\u00a0\u00a0\u00a0\u00a0\u00a0\u00a0\u00a0\u00a0\u00a0 W 2012 roku wzi\u0119\u0142a udzia\u0142 w nast\u0119puj\u0105cych turniejach: &#8211; Lignano (W\u0142ochy) 20-25.03. &#8211; Pekin (Chiny) 18-25.04. &#8211; Lasko (S\u0142owenia) 08-13.05. &#8211; Bratys\u0142awa (S\u0142owacja) 22-27.05. &#8211; Cluj (Rumunia) 29.05.-03.06. &#8211; Nancy (Francja) 13-17.06.\u00a0 Osi\u0105gni\u0119te bardzo dobre wyniki sportowe zagwarantowa\u0142y jej udzia\u0142 w IGRZYSKACH PARAOLIMPIJSKICH \u201eLONDYN 2012\u201d.\u00a0 W klasie 6 ( klasa niepe\u0142nosprawno\u015bci)\u0142\u0105cznie wyst\u0105pi 8 zawodniczek: &#8211; Klymenko Julia \u2013 Ukraina &#8211; Marsza\u0142 Katarzyna \u2013 Polska &#8211; Tchebianika Reissa \u2013 Rosja &#8211; Khodzynska Antonina \u2013 Ukraina &#8211; Grebe Stephania \u2013 Niemcy &#8211; Eigner Alicja \u2013 Polska &#8211; Jang Eun-Bong \u2013 Korea &#8211; Mc Donnell Rebecca &#8211; Australia W turnieju dru\u017cynowym A.Eigner zagra m.in. z Natalia Partyk\u0105 ( cz\u0142onek honorowy ISS Start Wejherowo). Od kilku lat A.Eigner systematycznie znajduje si\u0119 w \u201e 10 najlepszych sportowc\u00f3w powiatu wejherowskiego\u201d.\u00a0 W latach 2010 i 2011 otrzyma\u0142a nagrody Prezydenta Miasta Wejherowa.<\/p>\n","protected":false},"excerpt":{"rendered":"<p>XIV Igrzyska Paraolimpijskie LONDYN 2012 odb\u0119d\u0105 si\u0119 w dniach 29.09.-09.12.br. We\u017amie w nich udzia\u0142 4200 zawodnik\u00f3w ze 160 kraj\u00f3w. Program obejmuje 20 dyscyplin z 503 konkurencjami. W ponad stuosobowej reprezentacji Polski znalaz\u0142a si\u0119 mieszkanka Wejherowa \u2013 tenisistka sto\u0142owa Integracyjnego Stowarzyszenia Sportowego START Wejherowo \u2013 Alicja EIGNER. Wejherowska zawodniczka wyst\u0105pi w turnieju indywidualnym ( obecnie jest [&hellip;]<\/p>\n","protected":false},"author":2,"featured_media":0,"comment_status":"open","ping_status":"open","sticky":false,"template":"","format":"standard","meta":{"ngg_post_thumbnail":0},"categories":[1],"tags":[],"_links":{"self":[{"href":"http:\/\/startwejherowo.pl\/index.php?rest_route=\/wp\/v2\/posts\/340"}],"collection":[{"href":"http:\/\/startwejherowo.pl\/index.php?rest_route=\/wp\/v2\/posts"}],"about":[{"href":"http:\/\/startwejherowo.pl\/index.php?rest_route=\/wp\/v2\/types\/post"}],"author":[{"embeddable":true,"href":"http:\/\/startwejherowo.pl\/index.php?rest_route=\/wp\/v2\/users\/2"}],"replies":[{"embeddable":true,"href":"http:\/\/startwejherowo.pl\/index.php?rest_route=%2Fwp%2Fv2%2Fcomments&post=340"}],"version-history":[{"count":3,"href":"http:\/\/startwejherowo.pl\/index.php?rest_route=\/wp\/v2\/posts\/340\/revisions"}],"predecessor-version":[{"id":343,"href":"http:\/\/startwejherowo.pl\/index.php?rest_route=\/wp\/v2\/posts\/340\/revisions\/343"}],"wp:attachment":[{"href":"http:\/\/startwejherowo.pl\/index.php?rest_route=%2Fwp%2Fv2%2Fmedia&parent=340"}],"wp:term":[{"taxonomy":"category","embeddable":true,"href":"http:\/\/startwejherowo.pl\/index.php?rest_route=%2Fwp%2Fv2%2Fcategories&post=340"},{"taxonomy":"post_tag","embeddable":true,"href":"http:\/\/startwejherowo.pl\/index.php?rest_route=%2Fwp%2Fv2%2Ftags&post=340"}],"curies":[{"name":"wp","href":"https:\/\/api.w.org\/{rel}","templated":true}]}}