{"id":349,"date":"2012-10-09T18:49:38","date_gmt":"2012-10-09T18:49:38","guid":{"rendered":"http:\/\/startwejherowo.pl\/?p=349"},"modified":"2012-10-09T18:49:38","modified_gmt":"2012-10-09T18:49:38","slug":"puchar-dyrektora-pcpr-dla-borhydu","status":"publish","type":"post","link":"http:\/\/startwejherowo.pl\/?p=349","title":{"rendered":"Puchar Dyrektora PCPR  dla BorHydu"},"content":{"rendered":"<p><strong>Sport niepe\u0142nosprawnych<\/strong><\/p>\n<p><strong>Puchar Dyrektora PCPR \u00a0dla BorHydu<\/strong><\/p>\n<p><strong>\u00a0<\/strong><\/p>\n<p>W O\u015brodku Szkoleniowo-Wypoczynkowym WITA w Jastrz\u0119biej G\u00f3rze zako\u0144czy\u0142 si\u0119<\/p>\n<p>Powiatowy Dru\u017cynowy Turniej Boccia Os\u00f3b Niepe\u0142nosprawnych.<\/p>\n<p>W zawodach startowa\u0142o 15 dru\u017cyn sk\u0142adaj\u0105cych si\u0119 z zawodniczek i zawodnik\u00f3w niepe\u0142nosprawnych z Wejherowa, Redy, Rumi, Go\u015bcicina i Bolszewa, kt\u00f3re rywalizowa\u0142y \u00a0o \u00a0\u00a0puchar Dyrektora Powiatowego Centrum Pomocy Rodzinie w Wejherowie.<\/p>\n<p>Zwyci\u0119zc\u0105 zawod\u00f3w zosta\u0142 zesp\u00f3\u0142 wejherowskiego BORHYD-u ( Genowefa i Leszek Lenda), kt\u00f3ry w meczu fina\u0142owym pokona\u0142 11:1 Rynek Wejherowo ( Andrzej Bia\u0142as i Henryk Ptach).<\/p>\n<p>Na III pozycji uplasowa\u0142a si\u0119 dru\u017cyna Tenisist\u00f3w Wejherowo ( Tomasz Miks i W\u0142odzimierz Wasielewski).<\/p>\n<p>&nbsp;<\/p>\n<p>Kolejne miejsca zaj\u0119\u0142y ekipy:<\/p>\n<p>4.ORL\u0118tA Reda<\/p>\n<p>5.BLONDYNKI Wejherowo<\/p>\n<p>6.ORZE\u0141 Wejherowo<\/p>\n<p>7.BOLSZEWIANKA Bolszewo<\/p>\n<p>8.SNAJPER Wejherowo<\/p>\n<p>9.EUROPOL Wejherowo<\/p>\n<p>10.S\u0118PY Wejherowo<\/p>\n<p>11.JANOWIACY Rumia<\/p>\n<p>13.STARTOWCY \u015amiechowo<\/p>\n<p>14.KASZUBY Wejherowo<\/p>\n<p>15.JEDNO\u015a\u0106 Go\u015bcino.<\/p>\n<p>&nbsp;<\/p>\n<p>Zawody, kt\u00f3rych organizatorem by\u0142o Integracyjne Stowarzyszenie Sportowe START Wejherowo, odby\u0142y si\u0119 pod patronatem Dyrektora Powiatowego Centrum Pomocy Rodzinie w Wejherowie.<\/p>\n<p>&nbsp;<\/p>\n<p>&nbsp;<\/p>\n","protected":false},"excerpt":{"rendered":"<p>Sport niepe\u0142nosprawnych Puchar Dyrektora PCPR \u00a0dla BorHydu \u00a0 W O\u015brodku Szkoleniowo-Wypoczynkowym WITA w Jastrz\u0119biej G\u00f3rze zako\u0144czy\u0142 si\u0119 Powiatowy Dru\u017cynowy Turniej Boccia Os\u00f3b Niepe\u0142nosprawnych. W zawodach startowa\u0142o 15 dru\u017cyn sk\u0142adaj\u0105cych si\u0119 z zawodniczek i zawodnik\u00f3w niepe\u0142nosprawnych z Wejherowa, Redy, Rumi, Go\u015bcicina i Bolszewa, kt\u00f3re rywalizowa\u0142y \u00a0o \u00a0\u00a0puchar Dyrektora Powiatowego Centrum Pomocy Rodzinie w Wejherowie. Zwyci\u0119zc\u0105 zawod\u00f3w [&hellip;]<\/p>\n","protected":false},"author":2,"featured_media":0,"comment_status":"open","ping_status":"open","sticky":false,"template":"","format":"standard","meta":{"ngg_post_thumbnail":0},"categories":[5],"tags":[],"_links":{"self":[{"href":"http:\/\/startwejherowo.pl\/index.php?rest_route=\/wp\/v2\/posts\/349"}],"collection":[{"href":"http:\/\/startwejherowo.pl\/index.php?rest_route=\/wp\/v2\/posts"}],"about":[{"href":"http:\/\/startwejherowo.pl\/index.php?rest_route=\/wp\/v2\/types\/post"}],"author":[{"embeddable":true,"href":"http:\/\/startwejherowo.pl\/index.php?rest_route=\/wp\/v2\/users\/2"}],"replies":[{"embeddable":true,"href":"http:\/\/startwejherowo.pl\/index.php?rest_route=%2Fwp%2Fv2%2Fcomments&post=349"}],"version-history":[{"count":2,"href":"http:\/\/startwejherowo.pl\/index.php?rest_route=\/wp\/v2\/posts\/349\/revisions"}],"predecessor-version":[{"id":351,"href":"http:\/\/startwejherowo.pl\/index.php?rest_route=\/wp\/v2\/posts\/349\/revisions\/351"}],"wp:attachment":[{"href":"http:\/\/startwejherowo.pl\/index.php?rest_route=%2Fwp%2Fv2%2Fmedia&parent=349"}],"wp:term":[{"taxonomy":"category","embeddable":true,"href":"http:\/\/startwejherowo.pl\/index.php?rest_route=%2Fwp%2Fv2%2Fcategories&post=349"},{"taxonomy":"post_tag","embeddable":true,"href":"http:\/\/startwejherowo.pl\/index.php?rest_route=%2Fwp%2Fv2%2Ftags&post=349"}],"curies":[{"name":"wp","href":"https:\/\/api.w.org\/{rel}","templated":true}]}}