{"id":354,"date":"2012-10-09T19:10:14","date_gmt":"2012-10-09T19:10:14","guid":{"rendered":"http:\/\/startwejherowo.pl\/?p=354"},"modified":"2012-10-09T19:10:14","modified_gmt":"2012-10-09T19:10:14","slug":"czworboj-rekreacyjny-puchar-prezesa-dla-w-konika","status":"publish","type":"post","link":"http:\/\/startwejherowo.pl\/?p=354","title":{"rendered":"Czw\u00f3rb\u00f3j rekreacyjny- Puchar Prezesa dla W.Konika"},"content":{"rendered":"<p><strong>Sport niepe\u0142nosprawnych<\/strong><\/p>\n<p><strong>Czw\u00f3rb\u00f3j rekreacyjny<\/strong><\/p>\n<p><strong>\u00a0<\/strong><\/p>\n<p>W O\u015brodku Szkoleniowo-Wypoczynkowym WITA w Jastrz\u0119biej G\u00f3rze zako\u0144czy\u0142 si\u0119<\/p>\n<p>Indywidualny Powiatowy Czw\u00f3rb\u00f3j Rekreacyjny Os\u00f3b Niepe\u0142nosprawnych o puchar Prezesa Integracyjnego Stowarzyszenia Sportowego START w Wejherowie.<\/p>\n<p>W zawodach startowa\u0142o 30 zawodnik\u00f3w i zawodniczek reprezentuj\u0105cych miasta<\/p>\n<p>i miejscowo\u015bci naszego\u00a0 powiatu, kt\u00f3rzy zmierzyli swoje si\u0142y w czterech konkurencjach: rzutki do tarczy, rzuty pi\u0142eczk\u0105 do kosza, rzuty na palik i gra w ko\u015bci..<\/p>\n<p>&nbsp;<\/p>\n<p>Puchar Prezesa ISS START Wejherowo zdoby\u0142 Waldemar KONIK (Orl\u0119ta Reda), kt\u00f3ry po dogrywce pokona\u0142 Adama Andrzejewskiego (Rumianie Rumia). Obaj uzyskali po 74 pkt.<\/p>\n<p>&nbsp;<\/p>\n<p>Kolejne miejsca zaj\u0119\u0142y:<\/p>\n<p>3.Henryk Ptach (Rynek Wejherowo)- 66 pkt.<\/p>\n<p>4.Dariusz Artymiak ( Start Wejherowo) \u2013 63 pkt.<\/p>\n<p>5.Zbigniew Miotk (Kaszuby Wejherowo \u2013 62 pkt.<\/p>\n<p>6.Tomasz Miks (Tenisi\u015bci Wejherowo)- 60 pkt.<\/p>\n<p>7.Wiktor Konik ( Orl\u0119ta Reda)- 59 pkt.<\/p>\n<p>8.Zdzis\u0142aw Szczodrowski (Bolszewianka Bolszewo)\u2013 57 pkt.<\/p>\n<p>&nbsp;<\/p>\n<p>Organizatorem zawod\u00f3w by\u0142o Integracyjne Stowarzyszenie Sportowe START Wejherowo.<\/p>\n","protected":false},"excerpt":{"rendered":"<p>Sport niepe\u0142nosprawnych Czw\u00f3rb\u00f3j rekreacyjny \u00a0 W O\u015brodku Szkoleniowo-Wypoczynkowym WITA w Jastrz\u0119biej G\u00f3rze zako\u0144czy\u0142 si\u0119 Indywidualny Powiatowy Czw\u00f3rb\u00f3j Rekreacyjny Os\u00f3b Niepe\u0142nosprawnych o puchar Prezesa Integracyjnego Stowarzyszenia Sportowego START w Wejherowie. W zawodach startowa\u0142o 30 zawodnik\u00f3w i zawodniczek reprezentuj\u0105cych miasta i miejscowo\u015bci naszego\u00a0 powiatu, kt\u00f3rzy zmierzyli swoje si\u0142y w czterech konkurencjach: rzutki do tarczy, rzuty pi\u0142eczk\u0105 do [&hellip;]<\/p>\n","protected":false},"author":2,"featured_media":0,"comment_status":"open","ping_status":"open","sticky":false,"template":"","format":"standard","meta":{"ngg_post_thumbnail":0},"categories":[4],"tags":[],"_links":{"self":[{"href":"http:\/\/startwejherowo.pl\/index.php?rest_route=\/wp\/v2\/posts\/354"}],"collection":[{"href":"http:\/\/startwejherowo.pl\/index.php?rest_route=\/wp\/v2\/posts"}],"about":[{"href":"http:\/\/startwejherowo.pl\/index.php?rest_route=\/wp\/v2\/types\/post"}],"author":[{"embeddable":true,"href":"http:\/\/startwejherowo.pl\/index.php?rest_route=\/wp\/v2\/users\/2"}],"replies":[{"embeddable":true,"href":"http:\/\/startwejherowo.pl\/index.php?rest_route=%2Fwp%2Fv2%2Fcomments&post=354"}],"version-history":[{"count":2,"href":"http:\/\/startwejherowo.pl\/index.php?rest_route=\/wp\/v2\/posts\/354\/revisions"}],"predecessor-version":[{"id":356,"href":"http:\/\/startwejherowo.pl\/index.php?rest_route=\/wp\/v2\/posts\/354\/revisions\/356"}],"wp:attachment":[{"href":"http:\/\/startwejherowo.pl\/index.php?rest_route=%2Fwp%2Fv2%2Fmedia&parent=354"}],"wp:term":[{"taxonomy":"category","embeddable":true,"href":"http:\/\/startwejherowo.pl\/index.php?rest_route=%2Fwp%2Fv2%2Fcategories&post=354"},{"taxonomy":"post_tag","embeddable":true,"href":"http:\/\/startwejherowo.pl\/index.php?rest_route=%2Fwp%2Fv2%2Ftags&post=354"}],"curies":[{"name":"wp","href":"https:\/\/api.w.org\/{rel}","templated":true}]}}